{"id":9,"name":"Luis Reyes","url":"","description":"Con m\u00e1s de 14 a\u00f1os de experiencia en el sector Automovil\u00edstico, Luis Reyes se ha consolidado como un experto apasionado en la materia. Graduado en Derecho, ha canalizado su curiosidad y conocimiento hacia la comprensi\u00f3n detallada de la normativa nacional e internacional que regula el mundo de los autom\u00f3viles. Desde Autonoci\u00f3n.com, Luis combina su s\u00f3lida formaci\u00f3n legal con una profunda fascinaci\u00f3n por los veh\u00edculos, especialmente aquellos que han marcado hitos en la historia del automovilismo. Su experiencia como redactor para diversas marcas del sector lo posiciona como una autoridad reconocida y confiable. Luis se dedica a compartir su experiencia y pasi\u00f3n con la comunidad de entusiastas y profesionales del motor, creyendo firmemente en la evoluci\u00f3n continua y la innovaci\u00f3n dentro de la industria automotriz.","link":"https:\/\/www.autonocion.com\/motornocion\/autor\/luisreyes\/","slug":"luisreyes","avatar_urls":{"24":"https:\/\/www.autonocion.com\/motornocion\/wp-content\/uploads\/2026\/03\/cropped-cropped-cropped-cropped-luis-reyes-garcia-fernandez-e1768352922886-24x24.jpg","48":"https:\/\/www.autonocion.com\/motornocion\/wp-content\/uploads\/2026\/03\/cropped-cropped-cropped-cropped-luis-reyes-garcia-fernandez-e1768352922886-48x48.jpg","96":"https:\/\/www.autonocion.com\/motornocion\/wp-content\/uploads\/2026\/03\/cropped-cropped-cropped-cropped-luis-reyes-garcia-fernandez-e1768352922886-96x96.jpg"},"meta":{"generateblocks_onboarding":[]},"acf":[],"simple_local_avatar":{"media_id":6674,"full":"https:\/\/www.autonocion.com\/motornocion\/wp-content\/uploads\/2026\/03\/cropped-cropped-cropped-cropped-luis-reyes-garcia-fernandez-e1768352922886.jpg","blog_id":1,"192":"https:\/\/www.autonocion.com\/motornocion\/wp-content\/uploads\/2026\/03\/cropped-cropped-cropped-cropped-luis-reyes-garcia-fernandez-e1768352922886-192x192.jpg","96":"https:\/\/www.autonocion.com\/motornocion\/wp-content\/uploads\/2026\/03\/cropped-cropped-cropped-cropped-luis-reyes-garcia-fernandez-e1768352922886-96x96.jpg","128":"https:\/\/www.autonocion.com\/motornocion\/wp-content\/uploads\/2026\/03\/cropped-cropped-cropped-cropped-luis-reyes-garcia-fernandez-e1768352922886-128x128.jpg","64":"https:\/\/www.autonocion.com\/motornocion\/wp-content\/uploads\/2026\/03\/cropped-cropped-cropped-cropped-luis-reyes-garcia-fernandez-e1768352922886-64x64.jpg","52":"https:\/\/www.autonocion.com\/motornocion\/wp-content\/uploads\/2026\/03\/cropped-cropped-cropped-cropped-luis-reyes-garcia-fernandez-e1768352922886-52x52.jpg","26":"https:\/\/www.autonocion.com\/motornocion\/wp-content\/uploads\/2026\/03\/cropped-cropped-cropped-cropped-luis-reyes-garcia-fernandez-e1768352922886-26x26.jpg","24":"https:\/\/www.autonocion.com\/motornocion\/wp-content\/uploads\/2026\/03\/cropped-cropped-cropped-cropped-luis-reyes-garcia-fernandez-e1768352922886-24x24.jpg","48":"https:\/\/www.autonocion.com\/motornocion\/wp-content\/uploads\/2026\/03\/cropped-cropped-cropped-cropped-luis-reyes-garcia-fernandez-e1768352922886-48x48.jpg","32":"https:\/\/www.autonocion.com\/motornocion\/wp-content\/uploads\/2026\/03\/cropped-cropped-cropped-cropped-luis-reyes-garcia-fernandez-e1768352922886-32x32.jpg","150":"https:\/\/www.autonocion.com\/motornocion\/wp-content\/uploads\/2026\/03\/cropped-cropped-cropped-cropped-luis-reyes-garcia-fernandez-e1768352922886-150x150.jpg","36":"https:\/\/www.autonocion.com\/motornocion\/wp-content\/uploads\/2026\/03\/cropped-cropped-cropped-cropped-luis-reyes-garcia-fernandez-e1768352922886-36x36.jpg","18":"https:\/\/www.autonocion.com\/motornocion\/wp-content\/uploads\/2026\/03\/cropped-cropped-cropped-cropped-luis-reyes-garcia-fernandez-e1768352922886-18x18.jpg","164":"https:\/\/www.autonocion.com\/motornocion\/wp-content\/uploads\/2026\/03\/cropped-cropped-cropped-cropped-luis-reyes-garcia-fernandez-e1768352922886-164x164.jpg"},"_links":{"self":[{"href":"https:\/\/www.autonocion.com\/motornocion\/wp-json\/wp\/v2\/users\/9","targetHints":{"allow":["GET"]}}],"collection":[{"href":"https:\/\/www.autonocion.com\/motornocion\/wp-json\/wp\/v2\/users"}]}}