{"id":9912,"date":"2026-05-03T11:38:04","date_gmt":"2026-05-03T09:38:04","guid":{"rendered":"https:\/\/www.autonocion.com\/motornocion\/?p=9912"},"modified":"2026-05-03T11:45:33","modified_gmt":"2026-05-03T09:45:33","slug":"aston-martin-soluciona-motor-futuro","status":"publish","type":"post","link":"https:\/\/www.autonocion.com\/motornocion\/aston-martin-soluciona-motor-futuro\/","title":{"rendered":"Aston Martin empieza a solucionar los problemas de motor y ya mira al futuro"},"content":{"rendered":"<p><strong><a href=\"https:\/\/www.autonocion.com\/motornocion\/mejoras-rendimiento-real-aston-martin\/\">Aston Martin<\/a><\/strong> ha sido el \u00fanico equipo de la parrilla de la F\u00f3rmula 1 en <a href=\"https:\/\/www.autonocion.com\/motornocion\/red-bull-ferrari-cambios-miami-aston-martin\/\">no introducir ning\u00fan tipo de actualizaci\u00f3n aerodin\u00e1mica<\/a> en su monoplaza en el Gran Premio de Miami. Mientras el resto de competidores aprovechaba el par\u00f3n forzado por la cancelaci\u00f3n de Bahr\u00e9in y Arabia Saud\u00ed para renovar sus coches, el equipo verde ha decidido optar por \u00fanicamente reducir su peso y centrar sus esfuerzos en los <strong>problemas de motor<\/strong> que arrastra el <b>AMR26<\/b>.<\/p>\n<p>Y aqu\u00ed es donde la estrategia de Silverstone empieza a generar m\u00e1s dudas que certezas. Ante los rumores que apuntaban a una <strong>revoluci\u00f3n total con una versi\u00f3n B del coche para el mes de julio, previsto para el Gran Premio de B\u00e9lgica, <\/strong>la escuder\u00eda ha salido al paso para negar tal extremo. <strong>No habr\u00e1 coche nuevo en Spa-Francorchamps<\/strong>.<\/p>\n<p>En su lugar, el equipo <strong>optar\u00e1 por una progresi\u00f3n lenta y carrera a carrera<\/strong>, una decisi\u00f3n que resulta desconcertante si tenemos en cuenta que el coche actual cierra la parrilla a una distancia sideral de la cabeza.<\/p>\n<p><b>\u00abLa versi\u00f3n B no est\u00e1 en los planes\u00bb<\/b>, aseguran desde el equipo en declaraciones recogidas por <em>RacingNews 365<\/em>, confirmando que el chasis actual morir\u00e1 con el final de temporada. El objetivo ahora es una dieta de adelgazamiento extrema para eliminar los kilos de sobrepeso que lastran el rendimiento de <a href=\"https:\/\/www.autonocion.com\/motornocion\/alonso-devorador-companeros-f1\/\"><b>Fernando Alonso<\/b> y su compa\u00f1ero.<\/a><\/p>\n<h2>Alonso y Aston Martin confirman la mejora del motor Honda<\/h2>\n<p>Sin embargo, este plan de acci\u00f3n hace que la nula evoluci\u00f3n aerodin\u00e1mica vista en Miami sea a\u00fan m\u00e1s dif\u00edcil de explicar para los aficionados y el propio entorno del piloto asturiano.<\/p>\n<p>La versi\u00f3n oficial del equipo es que el trabajo se ha centrado por completo en dos frentes: reducir las vibraciones de la unidad de potencia <a href=\"https:\/\/www.autonocion.com\/motornocion\/honda-mantiene-el-optimismo-las-medidas-para-las-vibraciones-funcionan\/\"><b>Honda<\/b><\/a> y aligerar el conjunto. Es cierto que Alonso ha reportado una mejora en la conducci\u00f3n tras los \u00faltimos ajustes. De hecho, tras la clasificaci\u00f3n en Miami, <strong>ha confirmado que las vibraciones parecen haber desaparecido. <\/strong><\/p>\n<p>A\u00fan as\u00ed, la ganancia en suavidad no se ha traducido en una ganancia en el tiempo en pista. Mientras equipos como Williams o Cadillac presentan bater\u00edas de piezas nuevas para salir del pozo de la Q1, Aston Martin se vio en la encrucijada para no verse en los \u00faltimos puestos.<\/p>\n<p>Algo que funcion\u00f3 tanto en la carrera al sprint, donde <a href=\"https:\/\/www.autonocion.com\/motornocion\/alonso-no-engana-adelantamiento-perez\/\">Alonso supo realizar un mega adelamiento a Sergio P\u00e9rez<\/a> y terminar 16\u00b0, como en la clasificaci\u00f3n, <strong>terminando ambos coches por delante de los dos Cadillac.<\/strong><\/p>\n<figure id=\"attachment_9880\" aria-describedby=\"caption-attachment-9880\" style=\"width: -10px\" class=\"wp-caption aligncenter\"><img loading=\"lazy\" decoding=\"async\" class=\"wp-image-9880 size-full\" src=\"https:\/\/www.autonocion.com\/motornocion\/wp-content\/uploads\/2026\/05\/Alonso-sergio-perez-miami.jpg\" alt=\"Alonso Sergio P\u00e9rez Miami Aston martin \" width=\"1800\" height=\"1013\" srcset=\"https:\/\/www.autonocion.com\/motornocion\/wp-content\/uploads\/2026\/05\/Alonso-sergio-perez-miami.jpg 1800w, https:\/\/www.autonocion.com\/motornocion\/wp-content\/uploads\/2026\/05\/Alonso-sergio-perez-miami-300x169.jpg 300w, https:\/\/www.autonocion.com\/motornocion\/wp-content\/uploads\/2026\/05\/Alonso-sergio-perez-miami-1024x576.jpg 1024w, https:\/\/www.autonocion.com\/motornocion\/wp-content\/uploads\/2026\/05\/Alonso-sergio-perez-miami-768x432.jpg 768w, https:\/\/www.autonocion.com\/motornocion\/wp-content\/uploads\/2026\/05\/Alonso-sergio-perez-miami-1536x864.jpg 1536w\" sizes=\"auto, (max-width: 1800px) 100vw, 1800px\" \/><figcaption id=\"caption-attachment-9880\" class=\"wp-caption-text\">Lars Baron\/Getty Images<\/figcaption><\/figure>\n<h2>En Aston Martin descartan dar un salto de rendimiento antes de la carrera 14, en Zandvoort<\/h2>\n<p>Result\u00f3 llamativo que una formaci\u00f3n con el m\u00fasculo econ\u00f3mico y de disposiciones de la magnitud de los Silverstone fuese la \u00fanica en comparecer en Florida con el mismo traje que us\u00f3 en Suzuka.<\/p>\n<p>La paciencia, esa palabra que tanto se repite en el box de Alonso, permanece a la espera de una recuperaci\u00f3n que se alista para despu\u00e9s del verano, como confirm\u00f3 Fernando al diario <em>AS<\/em> este s\u00e1bado:\u00a0 \u00bfCu\u00e1ndo se podr\u00e1 dar el pr\u00f3ximo paso, con evoluciones, para luchar al menos por la Q2? <strong>\u201cDespu\u00e9s del verano. Espero que despu\u00e9s del verano, pero no antes de la carrera 14\u201d<\/strong>. El astur apunta al <strong>Gran Premio de Holanda,<\/strong> en Zandvoort, <strong>tras el par\u00f3n de agosto.<\/strong><\/p>\n<p>\u00ab<strong>Nos quedan unos meses por delante de no tener prestaciones y eso va a ser lo m\u00e1s duro de aguantar y lo m\u00e1s repetitivo\u00bb<\/strong>, porque venimos tras cada qualy aqu\u00ed y cada carrera (ante los medios) y ya no s\u00e9 qu\u00e9 m\u00e1s contaros\u00bb, expresaba el espa\u00f1ol<\/p>\n<p>As\u00ed, el camino marcado marcado por el equipo <strong>contempla actualizaciones sucesivas, <\/strong>pero la realidad dice que, hasta entonces, momento, las evoluciones ser\u00e1n menores que la de sus rivales directos.<\/p>\n","protected":false},"excerpt":{"rendered":"<p>Aston Martin ha sido el \u00fanico equipo de la parrilla de la F\u00f3rmula 1 en no introducir ning\u00fan tipo de &#8230; <\/p>\n<p class=\"read-more-container\"><a title=\"Aston Martin empieza a solucionar los problemas de motor y ya mira al futuro\" class=\"read-more button\" href=\"https:\/\/www.autonocion.com\/motornocion\/aston-martin-soluciona-motor-futuro\/#more-9912\" aria-label=\"Leer m\u00e1s sobre Aston Martin empieza a solucionar los problemas de motor y ya mira al futuro\">Read more<\/a><\/p>\n","protected":false},"author":4,"featured_media":9915,"comment_status":"closed","ping_status":"closed","sticky":false,"template":"","format":"standard","meta":{"_acf_changed":false,"footnotes":""},"categories":[5],"tags":[25],"class_list":["post-9912","post","type-post","status-publish","format-standard","has-post-thumbnail","hentry","category-f1","tag-aston-martin","resize-featured-image"],"acf":[],"_links":{"self":[{"href":"https:\/\/www.autonocion.com\/motornocion\/wp-json\/wp\/v2\/posts\/9912","targetHints":{"allow":["GET"]}}],"collection":[{"href":"https:\/\/www.autonocion.com\/motornocion\/wp-json\/wp\/v2\/posts"}],"about":[{"href":"https:\/\/www.autonocion.com\/motornocion\/wp-json\/wp\/v2\/types\/post"}],"author":[{"embeddable":true,"href":"https:\/\/www.autonocion.com\/motornocion\/wp-json\/wp\/v2\/users\/4"}],"replies":[{"embeddable":true,"href":"https:\/\/www.autonocion.com\/motornocion\/wp-json\/wp\/v2\/comments?post=9912"}],"version-history":[{"count":4,"href":"https:\/\/www.autonocion.com\/motornocion\/wp-json\/wp\/v2\/posts\/9912\/revisions"}],"predecessor-version":[{"id":9917,"href":"https:\/\/www.autonocion.com\/motornocion\/wp-json\/wp\/v2\/posts\/9912\/revisions\/9917"}],"wp:featuredmedia":[{"embeddable":true,"href":"https:\/\/www.autonocion.com\/motornocion\/wp-json\/wp\/v2\/media\/9915"}],"wp:attachment":[{"href":"https:\/\/www.autonocion.com\/motornocion\/wp-json\/wp\/v2\/media?parent=9912"}],"wp:term":[{"taxonomy":"category","embeddable":true,"href":"https:\/\/www.autonocion.com\/motornocion\/wp-json\/wp\/v2\/categories?post=9912"},{"taxonomy":"post_tag","embeddable":true,"href":"https:\/\/www.autonocion.com\/motornocion\/wp-json\/wp\/v2\/tags?post=9912"}],"curies":[{"name":"wp","href":"https:\/\/api.w.org\/{rel}","templated":true}]}}