{"id":9761,"date":"2026-05-01T12:00:54","date_gmt":"2026-05-01T10:00:54","guid":{"rendered":"https:\/\/www.autonocion.com\/motornocion\/?p=9761"},"modified":"2026-05-01T12:38:17","modified_gmt":"2026-05-01T10:38:17","slug":"futuro-fernando-alonso-renovacion-aston-martin","status":"publish","type":"post","link":"https:\/\/www.autonocion.com\/motornocion\/futuro-fernando-alonso-renovacion-aston-martin\/","title":{"rendered":"El futuro de Fernando Alonso est\u00e1 cada vez m\u00e1s cerca de aclararse: renovar\u00e1 con Aston Martin"},"content":{"rendered":"<p>El <a href=\"https:\/\/www.autonocion.com\/motornocion\/fernando-alonso-renovacion-aston-martin-ganar\/\">futuro de <b>Fernando Alonso<\/b><\/a> es un tema muy peliagudo. Desde que empez\u00f3 la temporada, el saber si este 2026 iba a ser o no su \u00faltimo a\u00f1o en la <b>F\u00f3rmula 1<\/b> es una tremenda inc\u00f3gnita. Sobre el papel, el contrato que tiene con <a href=\"https:\/\/www.autonocion.com\/motornocion\/aston-martin-amr26-miami\/\"><b>Aston Martin<\/b><\/a> finaliza en escasos meses, a finales del presente curso.<\/p>\n<p>Sin embargo, los rumores y las informaciones que surgen sobre ello empiezan a determinar qu\u00e9 pasar\u00e1 con \u00e9l. Hace pocos d\u00edas, <a href=\"https:\/\/www.autonocion.com\/motornocion\/fernando-alonso-2028\/\">el propio Alonso habl\u00f3 en M\u00f3naco de c\u00f3mo se sent\u00eda<\/a>. A fin de cuentas, el 2026 de Aston Martin est\u00e1 dejando mucho que desear. Los resultados son impropios del &#8216;hype&#8217; que exist\u00eda hace meses y la cruda realidad del AMR26 es que es de lo peor de la parrilla actual.<\/p>\n<p>Esto, en vez de hacerle a Alonso tirar la toalla, <strong>le dan m\u00e1s ganas de seguir<\/strong>. <strong>Sabe que el proyecto terminar\u00e1 ganando y \u00e9l quiere estar ah\u00ed cuando las piezas encajen.<\/strong> No es de los que se rinden cuando las cosas vienen mal dadas, y menos despu\u00e9s de llevar toda una vida dedicada al asfalto.<\/p>\n<p><strong>\u00abEs dif\u00edcil de decir. Me encanta lo que hago, me encantan las carreras; corr\u00ed mi primera carrera cuando ten\u00eda tres a\u00f1os&#8230; y ahora tengo 44. El momento en que deje de correr ser\u00e1 una decisi\u00f3n muy dura\u00bb,<\/strong> confesaba el propio piloto, dejando claro que todav\u00eda se siente competitivo y motivado.<\/p>\n<h2>Las f\u00f3rmulas para la cercana renovaci\u00f3n de Fernando Alonso<\/h2>\n<p>Que Alonso tenga claro que ve con optimismo continuar un a\u00f1o m\u00e1s \u2014o dos\u2014 en el &#8216;Gran Circo&#8217;, es un paso muy importante. Pero la clave tambi\u00e9n est\u00e1 en lo que decidan en los despachos de Silverstone para 2027 y 2028. Seg\u00fan hemos podido saber en <strong>Autonoci\u00f3n<\/strong>, aunque no se hayan sentado todav\u00eda a firmar los papeles de forma oficial, la intenci\u00f3n del piloto es firme.<\/p>\n<p><strong>Fernando tiene hambre de competici\u00f3n y ganas de seguir peleando<\/strong>. Lo m\u00e1s l\u00f3gico, viendo el panorama actual y a falta de que arranquen las negociaciones finales, es que el acuerdo de renovaci\u00f3n termine cayendo por su propio peso. Podr\u00edamos tener al bicampe\u00f3n en la parrilla <strong>al menos una o dos temporadas m\u00e1s.<\/strong><\/p>\n<p>Con un 2026 que se antoja ag\u00f3nico para los intereses del astur, todo el mundo espera que Aston Martin aprenda la lecci\u00f3n con <a href=\"https:\/\/www.autonocion.com\/motornocion\/salvavidas-honda-f1-cambio-reglas-motor-alonso\/\"><b>Honda<\/b><\/a>. <strong>El objetivo es preparar un 2027 a la altura de las expectativas que se crearon en su d\u00eda.<\/strong><\/p>\n<p>Los japoneses tienen toda una temporada por delante para encontrar soluciones a los problemas de fiabilidad y a esas vibraciones que tanto est\u00e1n penalizando el rendimiento en pista.<\/p>\n<h2>Alonso se reivindica ante su posible renovaci\u00f3n: \u00abRindo bien para lograr resultados con un coche competitivo\u00bb<\/h2>\n<p>El asturiano, perro viejo en estas lides, ha decidido mover ficha primero. No hay faroles. Lo ha hecho a su llegada a Miami, donde <strong>Fernando<\/strong> <b>Alonso ha puesto sus cartas sobre la mesa<\/b> con la frialdad de quien se sabe a\u00fan necesario en un proyecto que hace aguas por los cuatro costados.<\/p>\n<p>\u201c<strong>El tiempo lo dir\u00e1, lo sentir\u00e9. Por el momento, no siento que sea ese momento todav\u00eda. Me siento competitivo, me siento motivado, me siento feliz cuando conduzco. As\u00ed que espero que esta no sea la \u00faltima temporada\u201d,<\/strong> deslizaba el ovetense, dejando claro que su jubilaci\u00f3n no figura en el orden del d\u00eda de Silverstone, al menos por su parte.<\/p>\n<p>Sin embargo, el mensaje oculta una carga de profundidad dirigida directamente a la l\u00ednea de flotaci\u00f3n de Lawrence Stroll. <b>\u201cDejar el deporte con este sabor de boca no ser\u00eda lo mejor\u201d<\/b>, sentenciaba Alonso, lanzando un \u00f3rdago que suena a advertencia: su talento est\u00e1 disponible, pero no a cualquier precio. Mientras Aston Martin otea el mercado en busca de un relevo generacional de \u00e9lite que asegure el largo recorrido, como puede ser <strong>Leclerc<\/strong>, Fernando juega sus bazas con la autoridad que le otorgan los tiempos.<\/p>\n<p><strong>\u201cCreo que estoy rindiendo bien para que el equipo piense que puedo lograr los resultados con un coche competitivo\u201d.<\/strong><\/p>\n<figure id=\"attachment_5304\" aria-describedby=\"caption-attachment-5304\" style=\"width: -10px\" class=\"wp-caption aligncenter\"><img loading=\"lazy\" decoding=\"async\" class=\"wp-image-5304 size-full\" src=\"https:\/\/www.autonocion.com\/motornocion\/wp-content\/uploads\/2026\/02\/fernando-alonso-renovacion-aston-martin-ganar.jpg\" alt=\"fernando alonso renovacion aston martin ganar\" width=\"1800\" height=\"1013\" srcset=\"https:\/\/www.autonocion.com\/motornocion\/wp-content\/uploads\/2026\/02\/fernando-alonso-renovacion-aston-martin-ganar.jpg 1800w, https:\/\/www.autonocion.com\/motornocion\/wp-content\/uploads\/2026\/02\/fernando-alonso-renovacion-aston-martin-ganar-300x169.jpg 300w, https:\/\/www.autonocion.com\/motornocion\/wp-content\/uploads\/2026\/02\/fernando-alonso-renovacion-aston-martin-ganar-1024x576.jpg 1024w, https:\/\/www.autonocion.com\/motornocion\/wp-content\/uploads\/2026\/02\/fernando-alonso-renovacion-aston-martin-ganar-768x432.jpg 768w, https:\/\/www.autonocion.com\/motornocion\/wp-content\/uploads\/2026\/02\/fernando-alonso-renovacion-aston-martin-ganar-1536x864.jpg 1536w\" sizes=\"auto, (max-width: 1800px) 100vw, 1800px\" \/><figcaption id=\"caption-attachment-5304\" class=\"wp-caption-text\">Clive Rose\/Getty Images<\/figcaption><\/figure>\n<h2>La mano de Adrian Newey como factor clave<\/h2>\n<p>En el equipo, la figura de <a href=\"https:\/\/www.autonocion.com\/motornocion\/problema-honda-newey-solucion-2027\/\"><b>Adrian Newey<\/b><\/a> ser\u00e1 fundamental. El genio de la aerodin\u00e1mica necesita dar un paso adelante <strong>para que el coche de los pr\u00f3ximos a\u00f1os<\/strong> <strong>sea competitivo de verdad.<\/strong> Todo este esfuerzo tiene un fin claro, y es que <strong>la renovaci\u00f3n de Fernando Alonso valga la pena<\/strong> y no sea un simple \u00abestar por estar\u00bb. Porque hay una cosa que est\u00e1 clara en el paddock: uno o dos a\u00f1os m\u00e1s en el pozo de la clasificaci\u00f3n es algo que ni el piloto ni la propia escuder\u00eda se pueden permitir.<\/p>\n<p>As\u00ed, Newey ya trabaja en los conceptos del futuro, y su sinton\u00eda con el espa\u00f1ol es total. El ingeniero brit\u00e1nico sabe que cuenta con el mejor del mundo al volante. Los datos que aporta Fernando Alonso tras cada sesi\u00f3n son <strong>fundamentales<\/strong> para corregir el rumbo de un dise\u00f1o que este a\u00f1o se ha mostrado <strong>err\u00e1tico y dif\u00edcil de configurar. <\/strong><\/p>\n<p>Esta alianza entre el mejor dise\u00f1ador de la historia y uno de los pilotos m\u00e1s completos es lo que mantiene viva la llama de la esperanza en Lawrence Stroll, que sigue invirtiendo millones para que su escuder\u00eda deje de ser una promesa y pase a ser una realidad.<\/p>\n<p>La etapa de Alonso no parece que vaya a terminar a corto plazo. <strong>El asturiano sigue siendo feliz cuando conduce<\/strong> y, mientras ese sentimiento perdure, habr\u00e1 Fernando para rato. Ahora la pelota est\u00e1 en el tejado de Aston Martin, que debe demostrar que puede darle el coche que su talento merece para que esta uni\u00f3n siga haciendo historia en la <a href=\"https:\/\/www.autonocion.com\/motornocion\/f1\/\">F\u00f3rmula 1.<\/a><\/p>\n","protected":false},"excerpt":{"rendered":"<p>El futuro de Fernando Alonso es un tema muy peliagudo. Desde que empez\u00f3 la temporada, el saber si este 2026 &#8230; <\/p>\n<p class=\"read-more-container\"><a title=\"El futuro de Fernando Alonso est\u00e1 cada vez m\u00e1s cerca de aclararse: renovar\u00e1 con Aston Martin\" class=\"read-more button\" href=\"https:\/\/www.autonocion.com\/motornocion\/futuro-fernando-alonso-renovacion-aston-martin\/#more-9761\" aria-label=\"Leer m\u00e1s sobre El futuro de Fernando Alonso est\u00e1 cada vez m\u00e1s cerca de aclararse: renovar\u00e1 con Aston Martin\">Read more<\/a><\/p>\n","protected":false},"author":4,"featured_media":9764,"comment_status":"closed","ping_status":"closed","sticky":false,"template":"","format":"standard","meta":{"_acf_changed":false,"footnotes":""},"categories":[5],"tags":[28],"class_list":["post-9761","post","type-post","status-publish","format-standard","has-post-thumbnail","hentry","category-f1","tag-fernando-alonso","resize-featured-image"],"acf":[],"_links":{"self":[{"href":"https:\/\/www.autonocion.com\/motornocion\/wp-json\/wp\/v2\/posts\/9761","targetHints":{"allow":["GET"]}}],"collection":[{"href":"https:\/\/www.autonocion.com\/motornocion\/wp-json\/wp\/v2\/posts"}],"about":[{"href":"https:\/\/www.autonocion.com\/motornocion\/wp-json\/wp\/v2\/types\/post"}],"author":[{"embeddable":true,"href":"https:\/\/www.autonocion.com\/motornocion\/wp-json\/wp\/v2\/users\/4"}],"replies":[{"embeddable":true,"href":"https:\/\/www.autonocion.com\/motornocion\/wp-json\/wp\/v2\/comments?post=9761"}],"version-history":[{"count":8,"href":"https:\/\/www.autonocion.com\/motornocion\/wp-json\/wp\/v2\/posts\/9761\/revisions"}],"predecessor-version":[{"id":9810,"href":"https:\/\/www.autonocion.com\/motornocion\/wp-json\/wp\/v2\/posts\/9761\/revisions\/9810"}],"wp:featuredmedia":[{"embeddable":true,"href":"https:\/\/www.autonocion.com\/motornocion\/wp-json\/wp\/v2\/media\/9764"}],"wp:attachment":[{"href":"https:\/\/www.autonocion.com\/motornocion\/wp-json\/wp\/v2\/media?parent=9761"}],"wp:term":[{"taxonomy":"category","embeddable":true,"href":"https:\/\/www.autonocion.com\/motornocion\/wp-json\/wp\/v2\/categories?post=9761"},{"taxonomy":"post_tag","embeddable":true,"href":"https:\/\/www.autonocion.com\/motornocion\/wp-json\/wp\/v2\/tags?post=9761"}],"curies":[{"name":"wp","href":"https:\/\/api.w.org\/{rel}","templated":true}]}}