{"id":9705,"date":"2026-04-30T13:00:25","date_gmt":"2026-04-30T11:00:25","guid":{"rendered":"https:\/\/www.autonocion.com\/motornocion\/?p=9705"},"modified":"2026-04-30T14:10:36","modified_gmt":"2026-04-30T12:10:36","slug":"18000-euros-dacia-sandero-hybrid","status":"publish","type":"post","link":"https:\/\/www.autonocion.com\/motornocion\/18000-euros-dacia-sandero-hybrid\/","title":{"rendered":"Por 18.000 \u20ac te llevas un Dacia con 158 CV, etiqueta ECO y consumo de Toyota Yaris: el Sandero Hybrid 155 entierra al utilitario japon\u00e9s en 2026"},"content":{"rendered":"<p>El mundo del autom\u00f3vil vive una constante transformaci\u00f3n, y los utilitarios no escapan a esta evoluci\u00f3n del mercado. En los \u00faltimos a\u00f1os, hay ciertos modelos, como pueden ser el Toyota Yaris, entre otros, que han sido los claros dominadores del segmento, por su eficacia h\u00edbrida, por sus prestaciones, y por tener la <a href=\"https:\/\/www.autonocion.com\/motornocion\/byd-atto-2-dm-i-active-etiqueta-cero\/\"><strong>etiqueta medioambiental ECO<\/strong> <\/a>de la <a href=\"https:\/\/www.autonocion.com\/motornocion\/dgt-limite-coches-electricos\/\"><strong>DGT<\/strong><\/a>, lo que le daba ventaja respecto al resto. Pero Dacia Sandero atraviesa tambi\u00e9n una buena racha en cuanto a ventas, liderando muchos segmentos, pero ahora va a traer una nueva versi\u00f3n que ha pillado por sorpresa a todos y que promete cambiar el liderazgo que antes ten\u00edan otros. La f\u00f3rmula es sencilla, m\u00e1s potencia, menos precio, y un consumo reducido.<\/p>\n<p>Dacia se ha sabido adaptar al mercado en los \u00faltimos a\u00f1os de una manera sorprendente, ha alcanzado cotas de mercado impensables hace unos a\u00f1os, y ahora, se atreve incluso a competir con argumentos como dise\u00f1o, tecnolog\u00eda y relaci\u00f3n calidad-precio. El nuevo Sandero Hybrid 155 promete dar otro pelotazo.<\/p>\n<h2>Nuevo Dacia Sandero Hybrid 155<\/h2>\n<p>Dacia ha incorporado un sistema<strong> h\u00edbrido al <a href=\"https:\/\/www.autonocion.com\/motornocion\/dacia-sandero-ventas-marzo\/\">Sandero<\/a><\/strong>, de hecho, est\u00e1 a punto de ver la luz, y se trata de la misma mec\u00e1nica que ya utilizan otros veh\u00edculos de la firma como el <a href=\"https:\/\/www.autonocion.com\/motornocion\/jogger-citroen-aircross-precio\/\"><strong>Duster<\/strong> <strong>Jogger <\/strong><\/a>o el <a href=\"https:\/\/www.autonocion.com\/prueba-dacia-bigster-hibrido\/\"><strong>Dacia<\/strong> <strong>Bigster<\/strong><\/a>. Ser\u00e1, por tanto, una soluci\u00f3n y un avance cuya tecnolog\u00eda ya ha sido chequeada y consolidada<\/p>\n<p>El sistema h\u00edbrido va a combinar un motor de gasolina atmosf\u00e9rico de 1.8 litros con ciclo Atkinson de 107 CV, y tambi\u00e9n dos motores el\u00e9ctricos, uno principal de 49 CV y otro secundario de 20 CV, que va a actuar como generado y apoyo. Todo ello va a alcanzar una potencia conjunta de 155 a 158 CV, una cifra sorprendente para un utilitario de este espacio.<\/p>\n<p>Ser\u00e1 de transmisi\u00f3n autom\u00e1tica multimodo, que no contar\u00e1 con embrague convencional, y tendr\u00e1 cuatro relaciones para el motor t\u00e9rmico y otros dos para el el\u00e9ctrico. De esta forma, se logra optimizar el consumo y ofrecer una conducci\u00f3n suave, sobre todo al moverse en entornos urbanos.<\/p>\n<p>Gracias a todo esto, no solo logra ponerse a la altura del <a href=\"https:\/\/www.autonocion.com\/gr-yaris-2026-aero-pack\/\"><strong>Yaris<\/strong> <\/a>en cuanto a consumo, es capaz de superarle en potencia. Y por supuesto, obtiene la etiqueta ECO de la DGT, necesaria para modelos pensados para el d\u00eda en grandes ciudades donde la normativa y las restricciones ambientales obligan a una movilidad sostenible.<\/p>\n<h2>Dacia frente a Toyota<\/h2>\n<p>Al hablar de <strong>Toyota<\/strong>, hablamos de una marca referente en cuanto a tecnolog\u00eda y accesible para la mayor\u00eda de los consumidores, y el <strong>Yaris<\/strong> ha sido uno de los modelos que m\u00e1s ha acercado la movilidad h\u00edbrida al gran p\u00fablico, en su versi\u00f3n compacta y en su versi\u00f3n SUV, gracias a unos precios en torno a los <strong>20.000<\/strong> y los <strong>25.000<\/strong> euros.<\/p>\n<p>El nuevo Sandero Hybrid 155 ataca estos precios de forma directa, ya que las previsiones apuntan a un precio de salida de <strong>18.000<\/strong> euros, una dura ofensiva ante los rivales m\u00e1s directos, abriendo la puerta a personas que quieren dar el paso la hibridaci\u00f3n.<\/p>\n<h2>Dacia y su nueva estrategia<\/h2>\n<p>El <strong>Sandero Hybrid 155<\/strong> responde a una estrategia concienciada y medida de la firma perteneciente a Renault, con la idea de poder situarse y posicionarse en el mercado como lo ha venido haciendo hasta la fecha en otros mercados. Es un movimiento que va en sinton\u00eda con la transformaci\u00f3n que ha ido evidenciando en los \u00faltimos a\u00f1os, tanto en dise\u00f1o como en calidad y equipamiento.<\/p>\n<p>Los precios son ligeramente superiores a cuando salieron a la venta, pero, aun as\u00ed, siguen siendo m\u00e1s bajos que la competencia. Digamos que han tenido que adaptarse a la tendencia de precios al alza, pero se mantienen como una de las firmas m\u00e1s competitivas del mercado o, al menos, en lo que marcas europeas se refiere.<\/p>\n<p>El lanzamiento del <strong>Dacia Sandero Hybrid 155<\/strong> no tiene fecha concreta de venta, lo \u00fanico que se conoce es que estar\u00e1 disponible en el \u00faltimo trimestre de este 2026. Y dado que es un coche europeo, y que tiene parte de su motor el\u00e9ctrico, podr\u00e1 beneficiarse de buena parte de la ayuda del Plan Auto + del Gobierno, por lo que podr\u00eda rebajar considerablemente un precio que, ya de por s\u00ed, va a ser mucho m\u00e1s bajo que el de la competencia. No cabe duda de que Dacia, sabe perfectamente lo que hace para conquistar a un consumidor que busca lo m\u00e1s esencial de la movilidad, sin complicaci\u00f3n, sin pagar de m\u00e1s, solo por lo que le hace falta, solo por lo justo y necesario. Y ahora, con una versi\u00f3n h\u00edbrida, va camino de lograr resultados id\u00e9nticos que le han convertido en una marca de referencia.<\/p>\n<p>El <strong>Dacia Sandero Hybrid 155<\/strong> es el reflejo de como una marca peque\u00f1a tambi\u00e9n sabe evolucionar y adaptarse a la nueva movilidad el\u00e9ctrica. Un paso al frente que demuestra que sabe perfectamente hacia donde se mueve el mundo, aunque sus coches m\u00e1s vendidos, sigan siendo de combustible y <a href=\"https:\/\/www.autonocion.com\/motornocion\/renault-clio-eco-g-120-edc\/\"><strong>GLP<\/strong><\/a>.<\/p>\n","protected":false},"excerpt":{"rendered":"<p>El mundo del autom\u00f3vil vive una constante transformaci\u00f3n, y los utilitarios no escapan a esta evoluci\u00f3n del mercado. En los &#8230; <\/p>\n<p class=\"read-more-container\"><a title=\"Por 18.000 \u20ac te llevas un Dacia con 158 CV, etiqueta ECO y consumo de Toyota Yaris: el Sandero Hybrid 155 entierra al utilitario japon\u00e9s en 2026\" class=\"read-more button\" href=\"https:\/\/www.autonocion.com\/motornocion\/18000-euros-dacia-sandero-hybrid\/#more-9705\" aria-label=\"Leer m\u00e1s sobre Por 18.000 \u20ac te llevas un Dacia con 158 CV, etiqueta ECO y consumo de Toyota Yaris: el Sandero Hybrid 155 entierra al utilitario japon\u00e9s en 2026\">Read more<\/a><\/p>\n","protected":false},"author":6,"featured_media":9746,"comment_status":"closed","ping_status":"closed","sticky":false,"template":"","format":"standard","meta":{"_acf_changed":false,"footnotes":""},"categories":[56],"tags":[],"class_list":["post-9705","post","type-post","status-publish","format-standard","has-post-thumbnail","hentry","category-hibridos","resize-featured-image"],"acf":[],"_links":{"self":[{"href":"https:\/\/www.autonocion.com\/motornocion\/wp-json\/wp\/v2\/posts\/9705","targetHints":{"allow":["GET"]}}],"collection":[{"href":"https:\/\/www.autonocion.com\/motornocion\/wp-json\/wp\/v2\/posts"}],"about":[{"href":"https:\/\/www.autonocion.com\/motornocion\/wp-json\/wp\/v2\/types\/post"}],"author":[{"embeddable":true,"href":"https:\/\/www.autonocion.com\/motornocion\/wp-json\/wp\/v2\/users\/6"}],"replies":[{"embeddable":true,"href":"https:\/\/www.autonocion.com\/motornocion\/wp-json\/wp\/v2\/comments?post=9705"}],"version-history":[{"count":4,"href":"https:\/\/www.autonocion.com\/motornocion\/wp-json\/wp\/v2\/posts\/9705\/revisions"}],"predecessor-version":[{"id":9717,"href":"https:\/\/www.autonocion.com\/motornocion\/wp-json\/wp\/v2\/posts\/9705\/revisions\/9717"}],"wp:featuredmedia":[{"embeddable":true,"href":"https:\/\/www.autonocion.com\/motornocion\/wp-json\/wp\/v2\/media\/9746"}],"wp:attachment":[{"href":"https:\/\/www.autonocion.com\/motornocion\/wp-json\/wp\/v2\/media?parent=9705"}],"wp:term":[{"taxonomy":"category","embeddable":true,"href":"https:\/\/www.autonocion.com\/motornocion\/wp-json\/wp\/v2\/categories?post=9705"},{"taxonomy":"post_tag","embeddable":true,"href":"https:\/\/www.autonocion.com\/motornocion\/wp-json\/wp\/v2\/tags?post=9705"}],"curies":[{"name":"wp","href":"https:\/\/api.w.org\/{rel}","templated":true}]}}