{"id":9694,"date":"2026-04-30T09:00:38","date_gmt":"2026-04-30T07:00:38","guid":{"rendered":"https:\/\/www.autonocion.com\/motornocion\/?p=9694"},"modified":"2026-04-30T08:07:31","modified_gmt":"2026-04-30T06:07:31","slug":"volkswagen-id-polo-2026-byd-mg","status":"publish","type":"post","link":"https:\/\/www.autonocion.com\/motornocion\/volkswagen-id-polo-2026-byd-mg\/","title":{"rendered":"Mientras Espa\u00f1a se inunda de coches el\u00e9ctricos chinos llegan los alemanes y plantan por menos de 25.000\u20ac el nuevo anti BYD: 449 km, 211 CV y fabricado aqu\u00ed"},"content":{"rendered":"<p>Los <a href=\"https:\/\/www.autonocion.com\/leapmotor-b03-electrico-barato-2027\/\"><strong>coches el\u00e9ctricos<\/strong><\/a>, y su industria del autom\u00f3vil en general, viven un momento clave que puede marcar el futuro m\u00e1s pr\u00f3ximo, y todo porque los coches chinos est\u00e1n revolucionando el mercado, con veh\u00edculos de elevadas prestaciones, cargados de tecnolog\u00eda, y unos precios que parecen de ciencia ficci\u00f3n. Marcas como <a href=\"https:\/\/www.autonocion.com\/motornocion\/byd-phev-suv\/\"><strong>BYD<\/strong> <\/a>y <a href=\"https:\/\/www.autonocion.com\/motornocion\/geely-e2-byd-renault\/\"><strong>MG<\/strong> <\/a>han logrado aumentar el n\u00famero de ventas de manera considerable durante los \u00faltimos dos a\u00f1os, y ha pasado de ser una moda a consolidarse en el mercado. Esto ha provocado que los comerciantes europeos, los de toda la vida, se hayan visto obligados a mover ficha, y en ese sentido, <a href=\"https:\/\/www.autonocion.com\/motornocion\/wolkswagen-electrico-tesla\/\"><strong>Volkswagen<\/strong> <\/a>prepara el regreso de un cl\u00e1sico que, sin duda, va a plantar cara como nadie: El <strong>Polo<\/strong> de toda la vida, regresa 100% el\u00e9ctrico.<\/p>\n<p>El<a href=\"https:\/\/www.autonocion.com\/nuevo-id-polo-electrico-especificaciones-precios\/\"><strong> Volkswagen ID. Polo 2026<\/strong><\/a> es uno de los coches m\u00e1s ic\u00f3nicos de la historia, lleva a\u00f1os acompa\u00f1ando a la poblaci\u00f3n, ya sea como primer coche de los j\u00f3venes, como segundo coche del hogar, como veh\u00edculo principal para moverse en grandes ciudades\u2026 su versatilidad, su facilidad para conducir, y su car\u00e1cter deportivo, le han llevado a convertirse en uno de los coches m\u00e1s queridos.<\/p>\n<p>Y ahora, adapt\u00e1ndose a los tiempos que vivimos, Volkswagen tiene preparado el nuevo modelo 100% el\u00e9ctrico, y al contrario de los precios habituales de los coches el\u00e9ctricos de marcas europeas, con descuentos y ayudas, tendr\u00e1 un precio de menos de<strong> 25.000 euros<\/strong>. M\u00e1s all\u00e1 del precio, su autonom\u00eda, su potencia, y que se construye en nuestro pa\u00eds, son argumentos de peso para considerarlo como el pr\u00f3ximo referente.<\/p>\n<h2>Nuevo Volkswagen ID. Polo<\/h2>\n<p><strong>Volkswagen ID. Polo<\/strong> es una de las grandes apuestas del grupo desde que se instaur\u00f3 la movilidad el\u00e9ctrica, y m\u00e1s, tras los problemas que ha arrastrado en los \u00faltimos a\u00f1os en cuanto a modernidad e identidad de la marca. Con este veh\u00edculo, esperan dar el primer gran paso en la industria para que el coche el\u00e9ctrico sea m\u00e1s accesible de lo que lo ha sido hasta ahora, y pretende plantar cara a una industria china que ha ganado m\u00fasculo pero que, a\u00fan, no llega al poder de marca como Volkswagen.<\/p>\n<p>El Volkswagen ID. Polo est\u00e1 basado en la plataforma MEB+ y comparte el mismo desarrollo que otros coches del grupo como el <a href=\"https:\/\/www.autonocion.com\/cupra-raval-urbano-electrico-2026\/\"><strong>CUPRA Raval<\/strong><\/a> y el <a href=\"https:\/\/www.autonocion.com\/skoda-epiq-suv-electrico-urbano-asequible\/\"><strong>Skoda Epiq<\/strong><\/a>, y gracias a ello, se reducen costes y esto permite ofrecer un precio muy competitivo. Son varias opciones mec\u00e1nicas las que se van a ofrecer en un primer momento, aunque la vista est\u00e1 puesta en la de 211 CV con bater\u00eda de 52 kWh. Porque con esta configuraci\u00f3n se pueden recorrer alrededor de \u00a0449 kil\u00f3metros, eso homologa, cifras que le sit\u00faan por encima de la competencia directa como el<a href=\"https:\/\/www.autonocion.com\/renault-e-teche-electrico-100000-unidades-producidas\/\"><strong> Renault 5 E-Tech<\/strong><\/a> o el<a href=\"https:\/\/www.autonocion.com\/motornocion\/peugeot-e-208-revolucion-2027\/\"><strong> Peugeot E-208<\/strong><\/a>. Tiene un enfoque urbano caracter\u00edstico y de esencia que le convierte en ideal para el d\u00eda a d\u00eda, pero mantiene capacidades para ser un veh\u00edculo de escapadas.<\/p>\n<h2>Dise\u00f1o y tecnolog\u00eda<\/h2>\n<p>El <strong>Volkswagen ID. Polo<\/strong> es otra prueba de que el grupo ha comprendido las exigencias de su p\u00fablico, los reproches, y recupera el aspecto m\u00e1s cl\u00e1sico de la marca, por fuera, y tambi\u00e9n por dentro, eso s\u00ed, sin renunciar a lo moderno. El grupo se ha empe\u00f1ado en que el coche sea reconocible por dentro y por fuera, aun si no tuviera ning\u00fan logo de la compa\u00f1\u00eda. El veh\u00edculo es tan compacto como lo ha sido siempre, con 4,05 metros de largo, 1,82 de ancho y 1,53 de alto, situ\u00e1ndose en el coraz\u00f3n del segmento B. Una vez dentro del coche, vemos el enfoque minimalista, con un lenguaje \u201cPure Positive\u201d, con materiales medidos y ajustados, y una sensaci\u00f3n de calidad notable.<\/p>\n<p>Viene con doble pantalla, una instrumentaci\u00f3n digital de 10,25 pulgadas y otra para el sistema multimedia, en el centro, de 12 pulgadas. En esta \u00faltima pantalla encontraos las funciones relacionadas con la conectividad, navegaci\u00f3n y asistencia a la conducci\u00f3n<\/p>\n<p>Tiene un maletero sorprendentemente amplio, de 435 litros, que puede llegar a los 1.243 litros abatiendo los asientos traseros, una cifra muy elevada para el segmento y el tipo de coche que es.<\/p>\n<h2>Lanzamiento del ID. Polo<\/h2>\n<p>Para el comercio espa\u00f1ol, es una gran ventaja que este coche se fabrique en Espa\u00f1a, primero porque afecta a la econom\u00eda local, lo que reduce los costes log\u00edsticos, pero tambi\u00e9n porque refuerza la industria nacional en general. Adem\u00e1s, los tiempos de espera para los compradores aumenta, y el stock est\u00e1 disponible antes.<\/p>\n<p>En cuanto al precio, la versi\u00f3n de 211 CV arranca en torno a los 35.000 euros, aunque con las campa\u00f1as comerciales y las ayudas p\u00fablicas del gobierno, el precio puede ser mucho m\u00e1s bajo respecto a la cifra inicial. El precio m\u00e1s interesante, el de la bater\u00eda de 52 kWh y 211 CV ser\u00e1 de unos 24.330 euros.<\/p>\n<p>El nuevo <a href=\"https:\/\/www.autonocion.com\/motornocion\/wolkswagen-electrico-tesla\/\"><strong>Volkswagen<\/strong> <\/a><strong>ID. Polo<\/strong> es uno de los coches el\u00e9ctricos m\u00e1s esperados del mercado, el coche que muchos llevan esperando para dar el paso al el\u00e9ctrico, el que puede cambiar el destino de los veh\u00edculos europeos en el futuro.<\/p>\n","protected":false},"excerpt":{"rendered":"<p>Los coches el\u00e9ctricos, y su industria del autom\u00f3vil en general, viven un momento clave que puede marcar el futuro m\u00e1s &#8230; <\/p>\n<p class=\"read-more-container\"><a title=\"Mientras Espa\u00f1a se inunda de coches el\u00e9ctricos chinos llegan los alemanes y plantan por menos de 25.000\u20ac el nuevo anti BYD: 449 km, 211 CV y fabricado aqu\u00ed\" class=\"read-more button\" href=\"https:\/\/www.autonocion.com\/motornocion\/volkswagen-id-polo-2026-byd-mg\/#more-9694\" aria-label=\"Leer m\u00e1s sobre Mientras Espa\u00f1a se inunda de coches el\u00e9ctricos chinos llegan los alemanes y plantan por menos de 25.000\u20ac el nuevo anti BYD: 449 km, 211 CV y fabricado aqu\u00ed\">Read more<\/a><\/p>\n","protected":false},"author":6,"featured_media":9695,"comment_status":"closed","ping_status":"closed","sticky":false,"template":"","format":"standard","meta":{"_acf_changed":false,"footnotes":""},"categories":[55],"tags":[],"class_list":["post-9694","post","type-post","status-publish","format-standard","has-post-thumbnail","hentry","category-electricos","resize-featured-image"],"acf":[],"_links":{"self":[{"href":"https:\/\/www.autonocion.com\/motornocion\/wp-json\/wp\/v2\/posts\/9694","targetHints":{"allow":["GET"]}}],"collection":[{"href":"https:\/\/www.autonocion.com\/motornocion\/wp-json\/wp\/v2\/posts"}],"about":[{"href":"https:\/\/www.autonocion.com\/motornocion\/wp-json\/wp\/v2\/types\/post"}],"author":[{"embeddable":true,"href":"https:\/\/www.autonocion.com\/motornocion\/wp-json\/wp\/v2\/users\/6"}],"replies":[{"embeddable":true,"href":"https:\/\/www.autonocion.com\/motornocion\/wp-json\/wp\/v2\/comments?post=9694"}],"version-history":[{"count":4,"href":"https:\/\/www.autonocion.com\/motornocion\/wp-json\/wp\/v2\/posts\/9694\/revisions"}],"predecessor-version":[{"id":9703,"href":"https:\/\/www.autonocion.com\/motornocion\/wp-json\/wp\/v2\/posts\/9694\/revisions\/9703"}],"wp:featuredmedia":[{"embeddable":true,"href":"https:\/\/www.autonocion.com\/motornocion\/wp-json\/wp\/v2\/media\/9695"}],"wp:attachment":[{"href":"https:\/\/www.autonocion.com\/motornocion\/wp-json\/wp\/v2\/media?parent=9694"}],"wp:term":[{"taxonomy":"category","embeddable":true,"href":"https:\/\/www.autonocion.com\/motornocion\/wp-json\/wp\/v2\/categories?post=9694"},{"taxonomy":"post_tag","embeddable":true,"href":"https:\/\/www.autonocion.com\/motornocion\/wp-json\/wp\/v2\/tags?post=9694"}],"curies":[{"name":"wp","href":"https:\/\/api.w.org\/{rel}","templated":true}]}}