{"id":9688,"date":"2026-05-01T09:00:23","date_gmt":"2026-05-01T07:00:23","guid":{"rendered":"https:\/\/www.autonocion.com\/motornocion\/?p=9688"},"modified":"2026-04-30T07:56:14","modified_gmt":"2026-04-30T05:56:14","slug":"byd-mg-renault-volkswagen-30-mil","status":"publish","type":"post","link":"https:\/\/www.autonocion.com\/motornocion\/byd-mg-renault-volkswagen-30-mil\/","title":{"rendered":"Mientras BYD y MG bajan precios y Renault sube el 5 E-Tech, Volkswagen llega de golpe con un ID. Polo a 24.330 \u20ac. Todos por menos de 30.000\u20ac en mayo"},"content":{"rendered":"<p>El mes de mayo trae una guerra de precios sin precedentes en el sector del <strong>coche el\u00e9ctrico.<\/strong> Mientras marcas chinas como <a href=\"https:\/\/www.autonocion.com\/motornocion\/geely-e2-byd-renault\/\"><strong>BYD<\/strong><\/a> y <strong>MG<\/strong> ajustan las tuercas a la baja, y <strong>Renault<\/strong> sube la apuesta con el m\u00edtico 5 E-Tech, <strong>Volkswagen<\/strong> acaba de lanzar una bomba de relojer\u00eda: su nuevo <strong>ID. Polo<\/strong> que, con ayudas, se queda en 24.330 euros.<\/p>\n<p>La electrificaci\u00f3n sigue dando pasos en el mercado espa\u00f1ol y los compradores que busquen un <strong>compacto el\u00e9ctrico<\/strong> est\u00e1n de suerte ya que durante mayo de 2026 tendr\u00e1n sobre la mesa cuatro opciones muy serias por <strong>menos de 30.000 euros.<\/strong> Cuatro filosof\u00edas muy distintas: la eficiencia alemana, el encanto franc\u00e9s, la potencia tecnol\u00f3gica china y el rey del \u00ablow cost\u00bb. La gran <strong>novedad<\/strong> la protagoniza Volkswagen, que acaba de abrir este jueves 30 de abril la preventa de su esperado <strong>ID. Polo<\/strong><\/p>\n<h2>La batalla de los 30.000 euros<\/h2>\n<p>En este mes de <strong>mayo<\/strong> acogi\u00e9ndose a al plan del gobierno y con condiciones de financiaci\u00f3n de las marcas (po ejemplo el ID. Polo y BYD Atto 3 incluyen condiciones de financiaci\u00f3n con la marca), se pueden conseguir 4 <strong>compactos el\u00e9ctricos<\/strong> de m\u00e1ximo nivel, por menos de <strong>30 mil euros<\/strong>.<\/p>\n<table>\n<thead>\n<tr>\n<th>Modelo<\/th>\n<th>Potencia<\/th>\n<th>Autonom\u00eda (WLTP)<\/th>\n<th>Precio final (aprox.)<\/th>\n<\/tr>\n<\/thead>\n<tbody>\n<tr>\n<td><strong>VW ID. Polo Life<\/strong><\/td>\n<td>211 CV<\/td>\n<td>449 km<\/td>\n<td><strong>24.330 \u20ac<\/strong>\u00a0(financiando)<\/td>\n<\/tr>\n<tr>\n<td><strong>Renault 5 E-Tech<\/strong><\/td>\n<td>150 CV<\/td>\n<td>410 km<\/td>\n<td><strong>28.887 \u20ac<\/strong>\u00a0(con ayudas)<\/td>\n<\/tr>\n<tr>\n<td><strong>BYD Atto 3 EVO<\/strong><\/td>\n<td>204 CV<\/td>\n<td>410 km<\/td>\n<td><strong>29.455 \u20ac<\/strong>\u00a0(financiando)<\/td>\n<\/tr>\n<tr>\n<td><strong>MG4 Standard<\/strong><\/td>\n<td>170 CV<\/td>\n<td>350 km<\/td>\n<td><strong>19.995 \u20ac<\/strong>\u00a0(ayudas totales)<\/td>\n<\/tr>\n<\/tbody>\n<\/table>\n<h2><\/h2>\n<h2>Volkswagen ID. Polo: el \u00abtapado\u00bb alem\u00e1n<\/h2>\n<p>El \u00faltimo en salir al mercado es el que m\u00e1s est\u00e1 dando que hablar. <strong>Volkswagen<\/strong> ha convertido al m\u00edtico <strong>Polo<\/strong> en un el\u00e9ctrico con una relaci\u00f3n calidad-precio demoledora. La versi\u00f3n de acceso que se vender\u00e1 ahora es la <strong>Life de 211 CV<\/strong>, que utiliza una bater\u00eda NMC de 52 kWh.<\/p>\n<p>Esta versi\u00f3n cuenta con una <strong>autonom\u00eda<\/strong> de<strong> 449 km homologados<\/strong>, el que m\u00e1s de los cuatro coches que estamos analizando. Permite pasar del <strong>10% al 80% en unos 24 minutos<\/strong> en corriente continua.<\/p>\n<p>En cuanto al espacio interior, est\u00e1 construido sobre la plataforma espec\u00edfica MEB+, el maletero crece hasta los 441 litros, superando al Golf de combusti\u00f3n . Mide <strong>4,05 metros de largo.<\/strong><\/p>\n<p>El gran h\u00e1ndicap es la disponibilidad. La preventa arranc\u00f3 el 30 de abril, pero las primeras entregas<strong> no llegar\u00e1n a Espa\u00f1a hasta finales de a\u00f1o<\/strong>.<\/p>\n<h2>BYD Atto 3: el SUV chino con estilo<\/h2>\n<p><strong>BYD<\/strong> lleva tiempo haciendo las cosa bien en el mercado espa\u00f1ol logrando cada vez m\u00e1s cuota de mercado. El <strong>Atto 3<\/strong> es un SUV compacto, m\u00e1s alto que los dem\u00e1s, que destaca por su calidad de construcci\u00f3n y una bater\u00eda de cuchilla propia, famosa por su seguridad.<\/p>\n<p>Hay varias cosas que lo diferencian de la competencia. La versi\u00f3n Design incluye detalles que en los dem\u00e1s son de pago, como la <strong>c\u00e1mara 360\u00ba y el techo solar<\/strong> panor\u00e1mico.\u00a0Adem\u00e1s, BYD ofrece la <strong>garant\u00eda m\u00e1s extensa<\/strong> del mercado (8 a\u00f1os o 160.000 km para la bater\u00eda y 6 a\u00f1os para el veh\u00edculo).<\/p>\n<p>En la lista de &#8216;contras&#8217; destaca que es el m\u00e1s caro de la lista y su est\u00e9tica m\u00e1s llamativa no es para todos los p\u00fablicos.<\/p>\n<h2>MG4 Electric: el rey del \u00abLow Cost\u00bb<\/h2>\n<p>Si lo primero que vamos a mirar es el precio, sin duda nos decantaremos por el MG4. La firma china ha logrado la cuadratura del c\u00edrculo: un <strong>coche el\u00e9ctrico nuevo por menos de 20.000 euros.<\/strong> El MG4 Standard es la opci\u00f3n para quienes quieren dejar de pagar gasolina sin arruinarse.<\/p>\n<p>El precio es insuperable y una raz\u00f3n de peso para decantarse por el MG4 en esta comparativa. Adem\u00e1s, es un <strong>coche muy \u00e1gil<\/strong> y divertido de conducir, con tracci\u00f3n trasera, algo ins\u00f3lito en este segmento. Su <strong>est\u00e9tica deportiva<\/strong> gusta m\u00e1s a los j\u00f3venes convirti\u00e9ndose es un primer coche perfecto.<\/p>\n<p>El pero que tiene el MG es que para llegar a ese precio, se han recortado algunos extras. La <strong>pantalla<\/strong> del sistema multimedia es m\u00e1s <strong>lenta<\/strong> y su <strong>autonom\u00eda (350 km)<\/strong> se queda algo justa para viajes muy largos.<\/p>\n<h2>Renault 5 E-Tech: nostalgia en estado puro<\/h2>\n<p>Renault juega la baza de la nostalgia con este dise\u00f1o del <strong>m\u00edtico R5 Turbo.<\/strong> No es el m\u00e1s barato, ni el que m\u00e1s autonom\u00eda tiene, pero no deja indiferente a los compradores que les gusta el mundo del motor y recuerdan a su predecesor.<\/p>\n<p>Su <strong>dise\u00f1o<\/strong> interior y exterior marca la diferencia y est\u00e1 medido cada detalle al mil\u00edmetro. Destaca tambi\u00e9n por su <strong>agilidad<\/strong> ya que es peque\u00f1o (3,92m) y perfecto para la ciudad. El \u00abIconic Cinq\u00bb incluye un<strong> equipamiento tecnol\u00f3gico de primer nivel.<\/strong> Adem\u00e1s, es muy eficiente en consumo.<\/p>\n<p>Con 410 km de autonom\u00eda, se queda a medio camino entre el MG4 y el Volkswagen. Adem\u00e1s, el maletero es el m\u00e1s peque\u00f1o, con 326 litros.<\/p>\n<h2>\u00bfCu\u00e1l comprar?<\/h2>\n<p>La decisi\u00f3n final depende de tres factores: la prisa que tengas, lo que valores la autonom\u00eda y el presupuesto.<\/p>\n<p>Con 449 km WLTP y una eficiencia contrastada de la plataforma MEB el elegido deber\u00eda ser el <strong>Volkswagen ID.<\/strong> Polo para huir del enchufe y la ansiedad de quedarse tirado. Si lo que se busca es la sensaci\u00f3n de un coche Premium por equipamiento y calidad sin dejarse un dineral, el <strong>BYD Atto 3<\/strong> ser\u00eda el ganado a pesar de ser el m\u00e1s caro.<\/p>\n<p>Sorprendentemente si tenemos <strong>prisa<\/strong> por tener nuestro veh\u00edculo, <strong>MG y BYD<\/strong> se imponen en la carrera. Si necesitas coche este verano, el MG4 o el <strong>Renault 5<\/strong> (que ya tiene unidades en tr\u00e1nsito o stock) son tus \u00fanicas opciones reales. El BYD Atto 3 tambi\u00e9n est\u00e1 disponible para entrega inmediata o corto plazo, pero el Polo no llegar\u00e1 a tu garaje hasta, probablemente, 2027. A\u00fan as\u00ed, si no tienes prisa, es la mejor elecci\u00f3n.<\/p>\n","protected":false},"excerpt":{"rendered":"<p>El mes de mayo trae una guerra de precios sin precedentes en el sector del coche el\u00e9ctrico. Mientras marcas chinas &#8230; <\/p>\n<p class=\"read-more-container\"><a title=\"Mientras BYD y MG bajan precios y Renault sube el 5 E-Tech, Volkswagen llega de golpe con un ID. Polo a 24.330 \u20ac. Todos por menos de 30.000\u20ac en mayo\" class=\"read-more button\" href=\"https:\/\/www.autonocion.com\/motornocion\/byd-mg-renault-volkswagen-30-mil\/#more-9688\" aria-label=\"Leer m\u00e1s sobre Mientras BYD y MG bajan precios y Renault sube el 5 E-Tech, Volkswagen llega de golpe con un ID. Polo a 24.330 \u20ac. Todos por menos de 30.000\u20ac en mayo\">Read more<\/a><\/p>\n","protected":false},"author":7,"featured_media":9689,"comment_status":"closed","ping_status":"closed","sticky":false,"template":"","format":"standard","meta":{"_acf_changed":false,"footnotes":""},"categories":[55],"tags":[],"class_list":["post-9688","post","type-post","status-publish","format-standard","has-post-thumbnail","hentry","category-electricos","resize-featured-image"],"acf":[],"_links":{"self":[{"href":"https:\/\/www.autonocion.com\/motornocion\/wp-json\/wp\/v2\/posts\/9688","targetHints":{"allow":["GET"]}}],"collection":[{"href":"https:\/\/www.autonocion.com\/motornocion\/wp-json\/wp\/v2\/posts"}],"about":[{"href":"https:\/\/www.autonocion.com\/motornocion\/wp-json\/wp\/v2\/types\/post"}],"author":[{"embeddable":true,"href":"https:\/\/www.autonocion.com\/motornocion\/wp-json\/wp\/v2\/users\/7"}],"replies":[{"embeddable":true,"href":"https:\/\/www.autonocion.com\/motornocion\/wp-json\/wp\/v2\/comments?post=9688"}],"version-history":[{"count":3,"href":"https:\/\/www.autonocion.com\/motornocion\/wp-json\/wp\/v2\/posts\/9688\/revisions"}],"predecessor-version":[{"id":9693,"href":"https:\/\/www.autonocion.com\/motornocion\/wp-json\/wp\/v2\/posts\/9688\/revisions\/9693"}],"wp:featuredmedia":[{"embeddable":true,"href":"https:\/\/www.autonocion.com\/motornocion\/wp-json\/wp\/v2\/media\/9689"}],"wp:attachment":[{"href":"https:\/\/www.autonocion.com\/motornocion\/wp-json\/wp\/v2\/media?parent=9688"}],"wp:term":[{"taxonomy":"category","embeddable":true,"href":"https:\/\/www.autonocion.com\/motornocion\/wp-json\/wp\/v2\/categories?post=9688"},{"taxonomy":"post_tag","embeddable":true,"href":"https:\/\/www.autonocion.com\/motornocion\/wp-json\/wp\/v2\/tags?post=9688"}],"curies":[{"name":"wp","href":"https:\/\/api.w.org\/{rel}","templated":true}]}}