{"id":9539,"date":"2026-04-28T00:15:51","date_gmt":"2026-04-27T22:15:51","guid":{"rendered":"https:\/\/www.autonocion.com\/motornocion\/?p=9539"},"modified":"2026-04-28T00:15:51","modified_gmt":"2026-04-27T22:15:51","slug":"espanol-ted-kravitz-roadshow-colapinto","status":"publish","type":"post","link":"https:\/\/www.autonocion.com\/motornocion\/espanol-ted-kravitz-roadshow-colapinto\/","title":{"rendered":"Un espa\u00f1ol y Ted Kravitz en el Roadshow de Colapinto"},"content":{"rendered":"<p><strong>Buenos Aires.-<\/strong> Como en casa. Tal vez Ted Kravitz, superestrella y referente del paddock de F\u00f3rmula 1, anduvo algo m\u00e1s perdido. M\u00e1s bien por un tema de idioma, costumbres y cultura.<\/p>\n<p>Pero ya dice mucho que un pez gordo de Sky Sports fuera de Londres hasta Buenos Aires para asomar el hocico al Roadshow de Franco Colapinto en Buenos Aires, uno de los d\u00edas hist\u00f3ricos del automovilismo argentino. Fue m\u00e1s bien el \u00fanico rastro de prensa internacional.<\/p>\n<p>No s\u00e9 qu\u00e9 sorprendi\u00f3 m\u00e1s a Ted porque todav\u00eda no he hablado con \u00e9l: si los m\u00e1s de 500.000 aficionados que abarrotaron la Avenida del Libertador, los balcones a rebosar como si fuera M\u00f3naco, el calor y la intensidad de la gente, que se superara en solo unas horas la asistencia r\u00e9cord de un Gran Premio de F\u00f3rmula 1 que dura tres d\u00edas o que Colapinto agitara su bandera cuando dej\u00f3 en llamas ese Alpine-Lotus al final del d\u00eda, tras terminar sus \u00faltimos donuts.<\/p>\n<h2>Estampida y coche en llamas<\/h2>\n<p>El d\u00eda tuvo de todo desde las estampidas que hubo a primer\u00edsima hora de la ma\u00f1ana de esos madrugadores que quer\u00edan vistas desde primera fila. Sorprendentemente, la organizaci\u00f3n fue m\u00e1s que notable. Al final, se trat\u00f3 de una especie de Gran Premio (en un d\u00eda y no en cuatro), con madrugones y aglomeraciones incluidas, pero bien gestionadas. La esencia fue la misma: arremolinarse alrededor de un coche. Por fortuna, el Lotus de Kimi Raikkonen que lleg\u00f3 a pilotar sin manos Colapinto s\u00ed hace ruido. No como lo que tenemos que soportar desde hace a\u00f1os en la parrilla: ahora son medio el\u00e9ctricos y, desde hace demasiado, apenas suenan.<\/p>\n<p>Lo mejor de la jornada fue escuchar el V8 de un Lotus tuneado con los colores de Alpine. Bueno y que m\u00e1s de uno que nunca ha tenido delante un monoplaza solt\u00f3 un \u00abes el mejor d\u00eda de mi vida\u00bb.<\/p>\n<p>Del equipo franc\u00e9s, por cierto, viajaron m\u00e1s bien pocos. Nada de peces gordos, que se perdieron un ba\u00f1o de masas en Argentina y unos d\u00edas de turismo y cari\u00f1o. La persona que suele llevar la prensa a Colapinto, por ejemplo, no viaj\u00f3. S\u00ed algunos mec\u00e1nicos, que fueron los que mejor se lo pasaron: no dejaron de sonre\u00edr y divertirse con el p\u00fablico, pilotando un quad a dos ruedas.<\/p>\n<p>Como ni\u00f1os peque\u00f1os en un ambiente totalmente nuevo para ellos y que nada tiene que ver con el paddock, a veces fr\u00edo. Eso s\u00ed, tuvieron trabajo y hasta esprintaron cuando su piloto decidi\u00f3 quemar rueda de forma brutal al final del show para marcar el asfalto e incendiar el coche. La postal fue tremenda. De la plana mayor de Colapinto, no falt\u00f3 nadie: desde sus representantes hasta su padre pasando por Bizarrap.<\/p>\n<h2>\u00bfVuelta de la F1?<\/h2>\n<p>Mucha aparici\u00f3n pol\u00edtica en un d\u00eda clave para apretar con traer de vuelta la F\u00f3rmula 1 a Argentina y un toque Liberty Media: estuvo a rebosar de influencers, como en algunos Grandes Premios.\u00a0 Algunos, adem\u00e1s, gozaron de mejores vistas que bastante parte de la prensa, pero esto lleva siendo costumbre en el Gran Circo desde hace a\u00f1os. El momento m\u00e1s emotivo del d\u00eda fue cuando el piloto de Alpine sac\u00f3 a pasear la flecha de plata de Juan Manuel Fangio.<\/p>\n<p>Hist\u00f3rico. Se pase\u00f3 sin apretar los neum\u00e1ticos y sin inventarse donuts, mejor no forzar un veh\u00edculo hist\u00f3rico. Solo hizo una tanda subido a \u00e9l, ataviado con casco cl\u00e1sico para acompa\u00f1ar. Verle salir a pista con una joya legendaria fue una fortuna. No hubo momento m\u00e1s argentino que cuando lo devolvi\u00f3 al garaje y empez\u00f3 a ondear una bandera nacional con el p\u00fablico coreando c\u00e1nticos.<\/p>\n<p>Ted Kravitz pensar\u00e1, como muchos, que la vuelta de la F\u00f3rmula 1 al G\u00e1lvez debe ser cuesti\u00f3n de tiempo. No hay que mentir a la gente y hay que recordar que no es tarea sencilla pero, viendo c\u00f3mo se volc\u00f3 ayer todo el pa\u00eds con un piloto que mueve masas, seguro que est\u00e1 m\u00e1s cerca.<\/p>\n","protected":false},"excerpt":{"rendered":"<p>Buenos Aires.- Como en casa. Tal vez Ted Kravitz, superestrella y referente del paddock de F\u00f3rmula 1, anduvo algo m\u00e1s &#8230; <\/p>\n<p class=\"read-more-container\"><a title=\"Un espa\u00f1ol y Ted Kravitz en el Roadshow de Colapinto\" class=\"read-more button\" href=\"https:\/\/www.autonocion.com\/motornocion\/espanol-ted-kravitz-roadshow-colapinto\/#more-9539\" aria-label=\"Leer m\u00e1s sobre Un espa\u00f1ol y Ted Kravitz en el Roadshow de Colapinto\">Read more<\/a><\/p>\n","protected":false},"author":5,"featured_media":9540,"comment_status":"closed","ping_status":"closed","sticky":false,"template":"","format":"standard","meta":{"_acf_changed":false,"footnotes":""},"categories":[5],"tags":[34],"class_list":["post-9539","post","type-post","status-publish","format-standard","has-post-thumbnail","hentry","category-f1","tag-franco-colapinto","resize-featured-image"],"acf":[],"_links":{"self":[{"href":"https:\/\/www.autonocion.com\/motornocion\/wp-json\/wp\/v2\/posts\/9539","targetHints":{"allow":["GET"]}}],"collection":[{"href":"https:\/\/www.autonocion.com\/motornocion\/wp-json\/wp\/v2\/posts"}],"about":[{"href":"https:\/\/www.autonocion.com\/motornocion\/wp-json\/wp\/v2\/types\/post"}],"author":[{"embeddable":true,"href":"https:\/\/www.autonocion.com\/motornocion\/wp-json\/wp\/v2\/users\/5"}],"replies":[{"embeddable":true,"href":"https:\/\/www.autonocion.com\/motornocion\/wp-json\/wp\/v2\/comments?post=9539"}],"version-history":[{"count":4,"href":"https:\/\/www.autonocion.com\/motornocion\/wp-json\/wp\/v2\/posts\/9539\/revisions"}],"predecessor-version":[{"id":9552,"href":"https:\/\/www.autonocion.com\/motornocion\/wp-json\/wp\/v2\/posts\/9539\/revisions\/9552"}],"wp:featuredmedia":[{"embeddable":true,"href":"https:\/\/www.autonocion.com\/motornocion\/wp-json\/wp\/v2\/media\/9540"}],"wp:attachment":[{"href":"https:\/\/www.autonocion.com\/motornocion\/wp-json\/wp\/v2\/media?parent=9539"}],"wp:term":[{"taxonomy":"category","embeddable":true,"href":"https:\/\/www.autonocion.com\/motornocion\/wp-json\/wp\/v2\/categories?post=9539"},{"taxonomy":"post_tag","embeddable":true,"href":"https:\/\/www.autonocion.com\/motornocion\/wp-json\/wp\/v2\/tags?post=9539"}],"curies":[{"name":"wp","href":"https:\/\/api.w.org\/{rel}","templated":true}]}}