{"id":9526,"date":"2026-05-03T10:00:00","date_gmt":"2026-05-03T08:00:00","guid":{"rendered":"https:\/\/www.autonocion.com\/motornocion\/?p=9526"},"modified":"2026-05-01T14:21:09","modified_gmt":"2026-05-01T12:21:09","slug":"audi-a6-tron-2026","status":"publish","type":"post","link":"https:\/\/www.autonocion.com\/motornocion\/audi-a6-tron-2026\/","title":{"rendered":"Audi cambia las reglas en su buque insignia el\u00e9ctrico: el A6 e-tron 2026 estrena 753 km, mando sat\u00e9lite del Q3 y volante f\u00edsico"},"content":{"rendered":"<p><a href=\"https:\/\/www.autonocion.com\/audi-a8-deja-de-aceptar-pedidos-futuro-en-duda\/\"><strong>Audi<\/strong> <\/a>no acaba de encontrar el mejor rumbo con la movilidad el\u00e9ctrica, y prueba de ello han sido las cr\u00edticas por el rendimiento del <strong>A6 e-tron<\/strong>, uno de los modelos el\u00e9ctricos m\u00e1s ambiciosos de una de las marcas m\u00e1s importante mundialmente del sector. Por eso, para este 2026, ha decidido introducir una nueva actualizaci\u00f3n, que va mucho m\u00e1s all\u00e1 que simples ajustes, aunque donde m\u00e1s se ha volcado, es en la autonom\u00eda, la experiencia de uso y la ergonom\u00eda.<\/p>\n<p>El cambio que ha llevado a cabo Audi no es superficial, va mucho m\u00e1s all\u00e1, y lo que han logrado, es una <strong>berlina el\u00e9ctrica<\/strong> se ahora s\u00ed logra estar m\u00e1s a la altura de lo que s espera de un modelo premium. El exterior no cambia sustancialmente, pero en su interior, el cambio va desde un sistema multimedia, hasta los asistentes de conducci\u00f3n. Vuelve a los botones f\u00edsicos, algo cada vez m\u00e1s demandado en el mercado, y ahora, tiene una autonom\u00eda de <strong>750 kil\u00f3metro<\/strong>s.<\/p>\n<h2>Los cambios en Audi<\/h2>\n<p>No hay m\u00e1s que entrar en el<a href=\"https:\/\/www.autonocion.com\/opinion-y-prueba-audi-a6-e-tron-2025\/\"><strong> Audi A6 e-tron<\/strong><\/a> para evidenciar los cambios en el habit\u00e1culo, y c\u00f3mo ha modificado la experiencia sin abusar de la digitalizaci\u00f3n como pasaba con el modelo anterior. El nuevo sistema MMI, sin embargo, si presenta gr\u00e1ficos m\u00e1s modernos y una interfaz m\u00e1s fluida, que, adem\u00e1s, est\u00e1 optimizando para integrar los m\u00f3viles. Es una manera de demostrar que dar un paso atr\u00e1s no significa renunciar a lo m\u00e1s moderno, simplemente, hay que saber adaptarlo en su justa medida, y el resultado es evidentemente bueno.<\/p>\n<p>La informaci\u00f3n que ofrece el coche, ya no solo se ve en la pantalla central, ya que algunas funciones de navegaci\u00f3n, de multimedia o de telefon\u00eda, se visualizan ahora en el cuadro digital y en las pantallas del acompa\u00f1ante, con el objetivo de que se reduzcan las distracciones al volante y puede ser manejable por otras personas que no sea el conductor.<\/p>\n<p>Como decimos, vuelven los <strong>botones f\u00edsicos<\/strong> para las funciones principales, por ejemplo, en el volante, dando respuesta a las quejas de los usuarios. Tambi\u00e9n mejoran los sistemas de seguridad, por ejemplo, el control de crucero adaptativo y el reconocimiento de se\u00f1ales de tr\u00e1fico puede ajustar autom\u00e1ticamente la velocidad seg\u00fan el entorno. El asistente para aparcar tambi\u00e9n ha mejorado para ser completamente aut\u00f3nomo.<\/p>\n<p>Tambi\u00e9n viene con llave digital, asistente de luces largas y el acceso confort. Algunas novedades incluyen una <strong>c\u00e1mara<\/strong> en el retrovisor <strong>4K<\/strong> para a\u00f1adir m\u00e1s seguridad y registro de lo que sucede en carretera.<\/p>\n<h2>Autonom\u00eda y rendimiento<\/h2>\n<p>Pero si hay algo que realmente ha generado cr\u00edticas, ha sido el consumo energ\u00e9tico. Pese a su posicionamiento premium, las quejas se han disparado respecto a la autonom\u00eda real, sobre todo porque hablamos de un veh\u00edculo de alta gama, as\u00ed que la firma alemana ha puesto el foco, sobre todo, en este aspecto.\u00a0La nueva versi\u00f3n Performance trae un motor de 270 kW (367 CV), que se mueve bajo una bater\u00eda de 100 kWh. Con ello, ahora alcanza una autonom\u00eda de <strong>756 kil\u00f3metros bajo el ciclo WLTP,<\/strong> pasando de las cr\u00edticas a ser uno de los m\u00e1s eficientes de toda su categor\u00eda.<\/p>\n<p>La<strong> variante Quattro<\/strong> viene con un segundo motor, con el que se logra una tracci\u00f3n total, y una potencia de 315 kW (428 CV) entre ambos propulsores. Esta configuraci\u00f3n se centra en el rendimiento y la estabilidad, pero ofrece una autonom\u00eda de hasta <strong>723 kil\u00f3metros<\/strong>. Tambi\u00e9n mejora la velocidad de recarga, que posibilita pasar del 10 al 80% en solo 21 minutos, especialmente relevante en viajes largos, acortando de este modo los tiempos de espera.<\/p>\n<h2>Un cambio para competir<\/h2>\n<p>M\u00e1s all\u00e1 de corregir errores, clave, el objetivo es reposicionar al <strong>A6 e-tron<\/strong> dentro del mercado el\u00e9ctrico europeo, y por eso, en algunos pa\u00edses europeos, esta versi\u00f3n ha reducido su precio en 4.000 euros como reclamo al comprador.<\/p>\n<p>Estas versiones a\u00fan no han llegado a Espa\u00f1a, que todav\u00eda mantiene el modelo anterior, pero se espera un anuncio pronto por parte de <strong>Audi<\/strong>, viendo que la aceptaci\u00f3n en el resto de pa\u00edses est\u00e1 siendo positiva.<\/p>\n<p>Audi ha aprendido que el nuevo mercado el\u00e9ctrico no basta con ofrecer tecnolog\u00eda de \u00faltimo nivel, y tampoco vale con el poder de una marca con tanto prestigio, y aunque esto sigue siendo una garant\u00eda, la eficiencia y el rendimiento se convierten en aspectos clave. Y eso es lo que parecen estar logrando con el A6 e-tron 2026, un paso firma de la marca en esta direcci\u00f3n.<\/p>\n<p>El <strong>A6 e-tron 2026<\/strong> es un veh\u00edculo equilibrado, con el sello de Audi, pero una rectificaci\u00f3n con la que buscan poder ofrecer un veh\u00edculo premium de garant\u00edas. Se vuelve a los botones f\u00edsicos, se mejora la experiencia a bordo, pero, sobre todo, mejora el rendimiento y la autonom\u00eda. En algunos pa\u00edses de Europa ya disfrutan de esta actualizaci\u00f3n, de momento, no se sabe cuando llegar\u00e1 a Espa\u00f1a, pero es una versi\u00f3n que est\u00e1 siendo muy esperada.<\/p>\n","protected":false},"excerpt":{"rendered":"<p>Audi no acaba de encontrar el mejor rumbo con la movilidad el\u00e9ctrica, y prueba de ello han sido las cr\u00edticas &#8230; <\/p>\n<p class=\"read-more-container\"><a title=\"Audi cambia las reglas en su buque insignia el\u00e9ctrico: el A6 e-tron 2026 estrena 753 km, mando sat\u00e9lite del Q3 y volante f\u00edsico\" class=\"read-more button\" href=\"https:\/\/www.autonocion.com\/motornocion\/audi-a6-tron-2026\/#more-9526\" aria-label=\"Leer m\u00e1s sobre Audi cambia las reglas en su buque insignia el\u00e9ctrico: el A6 e-tron 2026 estrena 753 km, mando sat\u00e9lite del Q3 y volante f\u00edsico\">Read more<\/a><\/p>\n","protected":false},"author":6,"featured_media":9815,"comment_status":"closed","ping_status":"closed","sticky":false,"template":"","format":"standard","meta":{"_acf_changed":false,"footnotes":""},"categories":[55],"tags":[],"class_list":["post-9526","post","type-post","status-publish","format-standard","has-post-thumbnail","hentry","category-electricos","resize-featured-image"],"acf":[],"_links":{"self":[{"href":"https:\/\/www.autonocion.com\/motornocion\/wp-json\/wp\/v2\/posts\/9526","targetHints":{"allow":["GET"]}}],"collection":[{"href":"https:\/\/www.autonocion.com\/motornocion\/wp-json\/wp\/v2\/posts"}],"about":[{"href":"https:\/\/www.autonocion.com\/motornocion\/wp-json\/wp\/v2\/types\/post"}],"author":[{"embeddable":true,"href":"https:\/\/www.autonocion.com\/motornocion\/wp-json\/wp\/v2\/users\/6"}],"replies":[{"embeddable":true,"href":"https:\/\/www.autonocion.com\/motornocion\/wp-json\/wp\/v2\/comments?post=9526"}],"version-history":[{"count":2,"href":"https:\/\/www.autonocion.com\/motornocion\/wp-json\/wp\/v2\/posts\/9526\/revisions"}],"predecessor-version":[{"id":9529,"href":"https:\/\/www.autonocion.com\/motornocion\/wp-json\/wp\/v2\/posts\/9526\/revisions\/9529"}],"wp:featuredmedia":[{"embeddable":true,"href":"https:\/\/www.autonocion.com\/motornocion\/wp-json\/wp\/v2\/media\/9815"}],"wp:attachment":[{"href":"https:\/\/www.autonocion.com\/motornocion\/wp-json\/wp\/v2\/media?parent=9526"}],"wp:term":[{"taxonomy":"category","embeddable":true,"href":"https:\/\/www.autonocion.com\/motornocion\/wp-json\/wp\/v2\/categories?post=9526"},{"taxonomy":"post_tag","embeddable":true,"href":"https:\/\/www.autonocion.com\/motornocion\/wp-json\/wp\/v2\/tags?post=9526"}],"curies":[{"name":"wp","href":"https:\/\/api.w.org\/{rel}","templated":true}]}}