{"id":9523,"date":"2026-05-02T10:00:23","date_gmt":"2026-05-02T08:00:23","guid":{"rendered":"https:\/\/www.autonocion.com\/motornocion\/?p=9523"},"modified":"2026-05-02T11:27:14","modified_gmt":"2026-05-02T09:27:14","slug":"golf-mk9-toda-vida","status":"publish","type":"post","link":"https:\/\/www.autonocion.com\/motornocion\/golf-mk9-toda-vida\/","title":{"rendered":"Los Golf de toda la vida no han muerto\u2026 solo necesitaban volver al dise\u00f1o del a\u00f1o 2000: VW finaliza el Mk9 el\u00e9ctrico mirando al Golf IV"},"content":{"rendered":"<p>El <a href=\"https:\/\/www.autonocion.com\/motornocion\/volkswagen-golf-9-generacion\/\"><strong>Golf Mk9<\/strong><\/a> ya tiene cara, y es una cara conocida. La novena generaci\u00f3n del compacto de <a href=\"https:\/\/www.autonocion.com\/motornocion\/byd-mg-renault-volkswagen-30-mil\/\"><strong>Volkswagen<\/strong><\/a>, que estrenar\u00e1 variante 100% el\u00e9ctrica y cuyo nombre comercial podr\u00eda incorporar el prefijo ID. \u2014el archivo del teaser oficial filtrado el pasado 4 de marzo lo identifica internamente como &#8216;ID. Golf&#8217;\u2014, est\u00e1 pr\u00e1cticamente cerrada de dise\u00f1o y llegar\u00e1 a los concesionarios en 2028.<\/p>\n<p>La fecha, sin embargo, no es lo m\u00e1s relevante. Lo es lo que han contado en las \u00faltimas semanas el director t\u00e9cnico de la marca, Kai Gr\u00fcnitz, y el propio consejero delegado, Thomas Sch\u00e4fer: el coche se inspira directamente en el Golf Mk4 de 1997, y la primera maqueta a tama\u00f1o real fue tan convincente que ambos directivos pidieron al equipo de dise\u00f1o que no tocara absolutamente nada.<\/p>\n<p>El cambio de tono respecto a los \u00faltimos a\u00f1os es evidente. Tras una d\u00e9cada en la que la marca de Wolfsburgo hab\u00eda apostado por un lenguaje futurista bajo la submarca ID, que termin\u00f3 alejando a buena parte de su clientela tradicional, Volkswagen vuelve a la f\u00f3rmula que durante cuatro d\u00e9cadas la convirti\u00f3 en referencia del segmento C: un compacto reconocible, equilibrado, sin estridencias. Sch\u00e4fer ha sido expl\u00edcito en una entrevista reciente con Motor1 Espa\u00f1a: el equipo de dise\u00f1o ha entregado, seg\u00fan sus palabras, lo mejor que \u00e9l ha visto nunca de un Golf.<\/p>\n<h2>Un dise\u00f1o al 97% y una orden directa: \u00abno toqu\u00e9is nada\u00bb<\/h2>\n<p>El detalle interno que ha trascendido tiene casi tanta fuerza como el propio coche. Seg\u00fan relata Gr\u00fcnitz, la propuesta inicial de proporciones la firm\u00f3 Andreas Mindt, jefe de dise\u00f1o de la marca Volkswagen y, desde febrero de 2026, responsable de dise\u00f1o de todo el grupo. Sch\u00e4fer y Gr\u00fcnitz vieron la maqueta y la respuesta fue tajante: que no se tocara nada. El propio Gr\u00fcnitz confirma a Motor1 Espa\u00f1a que el dise\u00f1o est\u00e1 hoy \u00abentre el 96 y el 97 por ciento terminado\u00bb.<\/p>\n<p>Mindt no es ning\u00fan reci\u00e9n llegado al apellido Golf. Fue el responsable estil\u00edstico del Mk7, considerado por buena parte de la prensa especializada como la generaci\u00f3n m\u00e1s equilibrada de las dos \u00faltimas d\u00e9cadas, y ha sido tambi\u00e9n la cabeza visible del giro estil\u00edstico que la marca aplica ahora en toda su gama el\u00e9ctrica, desde el ID. Polo \u2014que se presentar\u00e1 en su versi\u00f3n definitiva a finales de este abril\u2014 hasta el renovado ID.3 Neo.<\/p>\n<p>Su filosof\u00eda de dise\u00f1o, bautizada como \u00abPure Positive\u00bb, parte de una premisa muy simple: un Volkswagen tiene que poder reconocerse incluso sin emblemas. En declaraciones recogidas por Autocar, lo formul\u00f3 en t\u00e9rminos de promesa expl\u00edcita a la clientela tradicional de la marca.<\/p>\n<h2>Por qu\u00e9 el Mk4 y no otro<\/h2>\n<p>La elecci\u00f3n del Mk4 como referencia no es casual. Lanzado en 1997 bajo la direcci\u00f3n t\u00e9cnica de Ferdinand Pi\u00ebch, aquel Golf marc\u00f3 un punto de inflexi\u00f3n: fue la primera generaci\u00f3n que se posicion\u00f3 deliberadamente como producto premium dentro del segmento, y la calidad percibida de sus interiores \u2014ajustes milim\u00e9tricos, pl\u00e1sticos blandos, tactos cuidados\u2014 termin\u00f3 subiendo el list\u00f3n a toda la competencia. L\u00edneas limpias, racionales, sin gestos innecesarios, con ca\u00edda de techo redondeada y unos pasos de rueda contenidos pero marcados.<\/p>\n<p>El boceto teaser que la propia Volkswagen filtr\u00f3 el 4 de marzo a trav\u00e9s del comit\u00e9 de empresa del sindicato IG Metall apunta exactamente en esa direcci\u00f3n. Se intuye un perfil m\u00e1s vertical, una zaga m\u00e1s cuadrada y unos pasos de rueda pronunciados que recuerdan a los del Mk4. La intenci\u00f3n t\u00e9cnica tambi\u00e9n encaja: una zaga m\u00e1s erguida mejora la aerodin\u00e1mica de un el\u00e9ctrico y, con ello, la autonom\u00eda homologada, que es donde se libra hoy la batalla del segmento C.<\/p>\n<h2>Plataforma SSP, arquitectura de 800 voltios y software con Rivian<\/h2>\n<p>Bajo la chapa, la transformaci\u00f3n es total. La variante el\u00e9ctrica del Golf Mk9 estrenar\u00e1 la plataforma SSP (Scalable Systems Platform), la nueva arquitectura modular del Grupo Volkswagen llamada a sustituir progresivamente a la actual MEB y que, en sus distintas variantes, terminar\u00e1 dando soporte a cerca del 80 por ciento de los el\u00e9ctricos del grupo.<\/p>\n<p>SSP incorpora arquitectura el\u00e9ctrica de 800 voltios \u2014lo que permitir\u00e1 tiempos de carga muy por encima de los 175 kW m\u00e1ximos de los actuales MEB\u2014 y bater\u00edas cell-to-pack con celdas unificadas, una de las grandes apuestas del grupo para reducir costes industriales y acercar el margen del el\u00e9ctrico al del coche de combusti\u00f3n.<\/p>\n<p>El otro componente clave del Mk9 el\u00e9ctrico es invisible pero igualmente determinante: la arquitectura electr\u00f3nica zonal y el software del coche se desarrollan junto a Rivian, en el marco de la joint venture que ambas firmas anunciaron en 2024. Tras los conocidos problemas de Cariad \u2014la divisi\u00f3n de software interna del grupo, criticada hasta el cansancio por los retrasos del ID.3 y del actual Mk8\u2014 Volkswagen ha optado por externalizar parte del cerebro digital del coche al socio estadounidense.<\/p>\n<h2>Dos plataformas, dos coches, un mismo apellido<\/h2>\n<p>Aqu\u00ed est\u00e1 uno de los matices que m\u00e1s se han repetido en las \u00faltimas semanas y que conviene aclarar. Cuando Sch\u00e4fer habla del Mk9, habla en realidad de una doble estrategia. El Golf el\u00e9ctrico se construir\u00e1 sobre SSP en la planta hist\u00f3rica de Wolfsburgo, mientras que el actual Golf de combusti\u00f3n, en su versi\u00f3n Mk8.5, seguir\u00e1 produci\u00e9ndose en paralelo \u2014ahora en Puebla (M\u00e9xico) desde 2027\u2014 sobre la plataforma MQB Evo. Es decir: durante varios a\u00f1os convivir\u00e1n en concesionario un Golf el\u00e9ctrico nuevo y un Golf de gasolina, mild hybrid o PHEV de la generaci\u00f3n anterior actualizada.<\/p>\n<p>La decisi\u00f3n, confirmada por Martin Sander, miembro del consejo de Volkswagen para ventas y marketing, en declaraciones a Auto Express, es deliberada: mantener vivo el Golf de combusti\u00f3n mientras siga habiendo demanda real, que el propio directivo da por seguro va a durar todav\u00eda bastante tiempo. Las versiones GTI y R, los dos apellidos deportivos del modelo, tambi\u00e9n seguir\u00e1n de momento atadas al motor de gasolina \u2014se ha confirmado que la pr\u00f3xima Golf R despedir\u00e1 la era de la combusti\u00f3n con el cinco cilindros turbo del Audi RS3\u2014, aunque a m\u00e1s largo plazo Volkswagen ya prepara variantes deportivas el\u00e9ctricas.<\/p>\n<h2>La rectificaci\u00f3n que los compradores llevaban a\u00f1os pidiendo<\/h2>\n<p>El otro gran cambio respecto a los Golf m\u00e1s recientes est\u00e1 dentro. Mindt ha sido contundente al hablar de los errores cometidos con los controles capacitivos del Mk8 y de los primeros ID. En una entrevista con Autocar resumi\u00f3 la nueva l\u00ednea con una frase que ya circula como mantra interno de la marca: un coche no es un tel\u00e9fono, y la marca no va a repetir ese error.<\/p>\n<p>El nuevo ID. Polo, primer modelo en estrenar la nueva filosof\u00eda de habit\u00e1culo, recupera botones f\u00edsicos para volumen, climatizaci\u00f3n, ventilador, calefacci\u00f3n y luces de emergencia, todos colocados bajo la pantalla principal y, en el caso del volante, integrados con feedback t\u00e1ctil real. El Mk9 heredar\u00e1 y ampliar\u00e1 ese planteamiento.<\/p>\n<p>El resto del habit\u00e1culo apunta a una mezcla de digitalizaci\u00f3n razonable \u2014doble pantalla y conectividad nativa son ya inevitables en este segmento\u2014 con materiales sostenibles y un aprovechamiento del espacio favorecido por la batalla m\u00e1s larga que permite la plataforma SSP. La idea, en palabras del propio Mindt, es trasladar el ADN de los iconos de la marca al coche del futuro sin caer en el retrofuturismo del ID. Buzz: estabilidad, simpat\u00eda y emoci\u00f3n son los tres pilares que el dise\u00f1ador ha repetido en sus \u00faltimas comparecencias.<\/p>\n<h2>Volkswagen no puede permitirse otro tropiezo<\/h2>\n<p>El Mk9 llega en un momento delicado para la marca. Las ventas globales del grupo se han resentido durante los dos \u00faltimos ejercicios, los chinos de BYD, Xpeng y Leapmotor han desembarcado en Europa con producto agresivo en precio y prestaciones, y el ID.3 original qued\u00f3 muy lejos de las expectativas que la propia compa\u00f1\u00eda hab\u00eda generado. Sch\u00e4fer asumi\u00f3 la direcci\u00f3n de la marca en 2022 con el mandato expl\u00edcito de enderezar el rumbo, y el ID.3 Neo presentado a comienzos de este a\u00f1o \u2014con autonom\u00eda homologada de hasta 625 km WLTP, botones f\u00edsicos de vuelta y un lenguaje de dise\u00f1o m\u00e1s limpio\u2014 ha sido la primera muestra visible de esa estrategia correctora.<\/p>\n<p>El Golf, sin embargo, juega en otra liga. Es el modelo que en 1974 sustituy\u00f3 al Beetle como s\u00edmbolo de la marca, el que ha sostenido la cuenta de resultados europea de Volkswagen durante medio siglo y el que, generaci\u00f3n tras generaci\u00f3n, ha definido lo que un compacto debe ser.<\/p>\n<p>Que la primera maqueta a tama\u00f1o real, vista por la c\u00fapula en noviembre de 2025 seg\u00fan relata el propio Sch\u00e4fer, provocara la reacci\u00f3n que provoc\u00f3 es, si nada se tuerce, la mejor noticia que la marca pod\u00eda dar en este 2026. Tres a\u00f1os por delante son muchos en el desarrollo de un el\u00e9ctrico \u2014SSP ya ha sufrido retrasos previos y el historial reciente de software del grupo no invita a la confianza ciega\u2014 pero el Mk9 est\u00e1 en marcha, el dise\u00f1o est\u00e1 cerrado y los responsables de la compa\u00f1\u00eda han puesto su reputaci\u00f3n encima de la mesa.<\/p>\n<p>Si el coche llega a la calle como lo cuentan, el segmento C europeo va a tener una conversaci\u00f3n interesante en 2028.<\/p>\n","protected":false},"excerpt":{"rendered":"<p>El Golf Mk9 ya tiene cara, y es una cara conocida. La novena generaci\u00f3n del compacto de Volkswagen, que estrenar\u00e1 &#8230; <\/p>\n<p class=\"read-more-container\"><a title=\"Los Golf de toda la vida no han muerto\u2026 solo necesitaban volver al dise\u00f1o del a\u00f1o 2000: VW finaliza el Mk9 el\u00e9ctrico mirando al Golf IV\" class=\"read-more button\" href=\"https:\/\/www.autonocion.com\/motornocion\/golf-mk9-toda-vida\/#more-9523\" aria-label=\"Leer m\u00e1s sobre Los Golf de toda la vida no han muerto\u2026 solo necesitaban volver al dise\u00f1o del a\u00f1o 2000: VW finaliza el Mk9 el\u00e9ctrico mirando al Golf IV\">Read more<\/a><\/p>\n","protected":false},"author":6,"featured_media":6022,"comment_status":"closed","ping_status":"closed","sticky":false,"template":"","format":"standard","meta":{"_acf_changed":false,"footnotes":""},"categories":[55],"tags":[],"class_list":["post-9523","post","type-post","status-publish","format-standard","has-post-thumbnail","hentry","category-electricos","resize-featured-image"],"acf":[],"_links":{"self":[{"href":"https:\/\/www.autonocion.com\/motornocion\/wp-json\/wp\/v2\/posts\/9523","targetHints":{"allow":["GET"]}}],"collection":[{"href":"https:\/\/www.autonocion.com\/motornocion\/wp-json\/wp\/v2\/posts"}],"about":[{"href":"https:\/\/www.autonocion.com\/motornocion\/wp-json\/wp\/v2\/types\/post"}],"author":[{"embeddable":true,"href":"https:\/\/www.autonocion.com\/motornocion\/wp-json\/wp\/v2\/users\/6"}],"replies":[{"embeddable":true,"href":"https:\/\/www.autonocion.com\/motornocion\/wp-json\/wp\/v2\/comments?post=9523"}],"version-history":[{"count":4,"href":"https:\/\/www.autonocion.com\/motornocion\/wp-json\/wp\/v2\/posts\/9523\/revisions"}],"predecessor-version":[{"id":9865,"href":"https:\/\/www.autonocion.com\/motornocion\/wp-json\/wp\/v2\/posts\/9523\/revisions\/9865"}],"wp:featuredmedia":[{"embeddable":true,"href":"https:\/\/www.autonocion.com\/motornocion\/wp-json\/wp\/v2\/media\/6022"}],"wp:attachment":[{"href":"https:\/\/www.autonocion.com\/motornocion\/wp-json\/wp\/v2\/media?parent=9523"}],"wp:term":[{"taxonomy":"category","embeddable":true,"href":"https:\/\/www.autonocion.com\/motornocion\/wp-json\/wp\/v2\/categories?post=9523"},{"taxonomy":"post_tag","embeddable":true,"href":"https:\/\/www.autonocion.com\/motornocion\/wp-json\/wp\/v2\/tags?post=9523"}],"curies":[{"name":"wp","href":"https:\/\/api.w.org\/{rel}","templated":true}]}}