{"id":9503,"date":"2026-04-27T13:00:25","date_gmt":"2026-04-27T11:00:25","guid":{"rendered":"https:\/\/www.autonocion.com\/motornocion\/?p=9503"},"modified":"2026-04-27T09:07:08","modified_gmt":"2026-04-27T07:07:08","slug":"volkswagen-id-aura-t6","status":"publish","type":"post","link":"https:\/\/www.autonocion.com\/motornocion\/volkswagen-id-aura-t6\/","title":{"rendered":"Mientras Espa\u00f1a se llena de SUV chinos, Volkswagen responde con un sed\u00e1n hecho en China: el ID.Aura T6 viene a Europa con plataforma CMP y Nivel 2++\u2026 pero hay un problema"},"content":{"rendered":"<p><a href=\"https:\/\/www.autonocion.com\/motornocion\/wolkswagen-electrico-tesla\/\"><strong>Volkswagen<\/strong> <\/a>es una de esas grandes marcas que ha decidido cambiar su estrategia ante la irrupci\u00f3n del mercado chino en Europa, sobre todo en uno de los segmentos con m\u00e1s ventas de todo el mercado como es el de los SUV el\u00e9ctrico. Sabe que ahora toca ofrecer m\u00e1s tecnolog\u00eda, m\u00e1s prestaciones, y hacerlo por menos dinero para frenar a las opciones que llegan desde el gigante asi\u00e1tico. Y el nuevo <strong>ID.Aura T6<\/strong> es el gran ejemplo de todo ello, un modelo que llega con un enfoque diferente, pero con un planteamiento s\u00f3lido y dispuesto a convertirse en un l\u00edder en ventas.<\/p>\n<p>Es una informaci\u00f3n publicada en el medio forococheselectricos.com, el modelo no va a ser solo un SUV m\u00e1s en el mercado, podr\u00eda suponer un cambio de rumbo en la estrategia el\u00e9ctrica del grupo alem\u00e1n.<\/p>\n<h2>Volkswagen apuesta por China<\/h2>\n<p>Viendo la fuerza que est\u00e1 cogiendo el mercado chino, mejor con competir contra \u00e9l, m\u00e1s acertada ser\u00e1 alinearse con \u00e9l. Por eso, el <strong>ID.Aura T6<\/strong> ha sido presentado de primeras en el mercado del pa\u00eds asi\u00e1tico, donde poco a poco, va ganando fuerza. El primer paso para lograr conquistar este mercado tiene que ver con la arquitectura el\u00e9ctrica del veh\u00edculo, y en este caso, es la CEA, una de las m\u00e1s avanzadas en la actualidad, que est\u00e1 creada en colaboraci\u00f3n con <strong>XPeng<\/strong>.<\/p>\n<p>Gracias a esta nueva plataforma, se reduce considerablemente la complejidad del veh\u00edculo, y se elimina hasta un 30% las unidades de control tradicionales. De esta forma, el coche logra ser m\u00e1s eficiente en referencia al software, ya que ahora est\u00e1 preparado para actualizaciones remotas y con una base tecnol\u00f3gica que est\u00e1 pensada para evolucionar con el tiempo.<\/p>\n<p>Otro de los aspectos de este nuevo <strong>ID.Aura T6<\/strong> es que est\u00e1 apoyado en la evoluci\u00f3n de la plataforma MEB, pero adaptada completamente al mercado chino. Y eso no es un detalle menor, ya que cambia la tendencia de que el desarrollo dentro del grupo se realiza solo en Europa, pero ahora en China el que marca el ritmo si hablamos de tecnolog\u00eda.<\/p>\n<p>En lo est\u00e9tico, el nuevo<a href=\"https:\/\/www.autonocion.com\/motornocion\/volkswagen-id-unyx-09-china\/\"><strong> ID.Aura T6<\/strong> <\/a>tiene un dise\u00f1o que evita las l\u00edneas m\u00e1s arriesgadas que se han visto en otros modelos del mercado asi\u00e1tico. En este sentido, sus formas si son m\u00e1s reconocibles en el mercado europeo, por lo que hace prever que pronto podremos ver este modelo en nuestro continente.<\/p>\n<h2>Volkswagen \u00a0ID.Aura T6 en Europa<\/h2>\n<p>Una de las rectificaciones de <strong>Volkswagen \u00a0<\/strong>en Europa en los \u00faltimos a\u00f1os, tiene que ver en la identificaci\u00f3n de los modelos, m\u00e1s bien, en volver a lo m\u00e1s cl\u00e1sico de la firma para mantener la identidad que le ha llevado a convertirse en una de las firmas de autom\u00f3viles m\u00e1s importante de la historia. Y el Volkswagen <strong>\u00a0ID.Aura T6<\/strong> es un ejemplo, de ello, porque en Europa, no se llamar\u00e1 as\u00ed el modelo. A\u00fan se desconoce cu\u00e1l ser\u00e1 su nombre cuando se comercialice dentro del continente, pero todo hace indicar que pudiera recuperar el nombre hist\u00f3rico del <a href=\"https:\/\/www.autonocion.com\/touareg-final-edition\/\"><strong>Touareg<\/strong><\/a>.<\/p>\n<p>Y este nombre, le encaja a la perfecci\u00f3n, ya que el modelo apunta a situarse en el segmento que delimita el generalista con el premium. Hablamos de un modelo que mide 4,9 metros de largo, una gran alternativa contra los SUV, incluido los chinos.<\/p>\n<h2>Volkswagen contra al auge chino<\/h2>\n<p>Volkswagen se enfrenta a un reto con el <strong>ID.Aura T6<\/strong>, el origen del coche, porque, al fabricar directamente en China, se reducen coste e incluso, acelera el desarrollo. Pero por otro parte, plantea interrogantes \u00a0en un mercado donde lo local est\u00e1 cada vez mejor visto, y mejor bonificado, y los precios finales y los impuesto y aranceles podr\u00edan terminar siendo un verdadero problema.<\/p>\n<p>Otro de los retos, sobre todo a la hora de convencer a los consumidores europeos m\u00e1s tradicionales, es precisamente convencerles de que el desarrollo <strong>XPeng<\/strong> es mejor con la ingenier\u00eda alemana con la que han logrado llegar a lo m\u00e1s profundo del mercado.<\/p>\n<p>Y por otro lado, veremos c\u00f3mo compiten contra el propio mercado chino, porque ahora, estas opciones siguen siendo las m\u00e1s equipadas del mercado, con la mayor tecnolog\u00eda, y con precios muy por debajo al del resto del mercado.<\/p>\n<p>El <strong>ID.Aura T6<\/strong> supone una nueva estrategia dentro del grupo Volkswagen, una nueva v\u00eda de producci\u00f3n y fabricaci\u00f3n que habr\u00e1 que ver c\u00f3mo se adapta, primero al mercado chino, y luego al mercado europeo. Todo apunta que pronto se conocer\u00e1 si finalmente llega este veh\u00edculo a Europa, pero por el dise\u00f1o y la forma, todo apunta a\u00a0 que s\u00ed, y adem\u00e1s, que lo har\u00e1 bajo un nombre cl\u00e1sico, el <strong>Touareg<\/strong>.<\/p>\n<p>Volkswagen ha tenido problemas en los \u00faltimos a\u00f1os, desde que la electrificaci\u00f3n se ha ido haciendo m\u00e1s fuerte en el mercado, de momento, ha logrado reconducir la situaci\u00f3n, y ahora toca ver si la estrategia, la apuesta del mercado china, acaba favoreciendo a una firma que busca no quedarse rezagado ante los avances<\/p>\n<p>&nbsp;<\/p>\n","protected":false},"excerpt":{"rendered":"<p>Volkswagen es una de esas grandes marcas que ha decidido cambiar su estrategia ante la irrupci\u00f3n del mercado chino en &#8230; <\/p>\n<p class=\"read-more-container\"><a title=\"Mientras Espa\u00f1a se llena de SUV chinos, Volkswagen responde con un sed\u00e1n hecho en China: el ID.Aura T6 viene a Europa con plataforma CMP y Nivel 2++\u2026 pero hay un problema\" class=\"read-more button\" href=\"https:\/\/www.autonocion.com\/motornocion\/volkswagen-id-aura-t6\/#more-9503\" aria-label=\"Leer m\u00e1s sobre Mientras Espa\u00f1a se llena de SUV chinos, Volkswagen responde con un sed\u00e1n hecho en China: el ID.Aura T6 viene a Europa con plataforma CMP y Nivel 2++\u2026 pero hay un problema\">Read more<\/a><\/p>\n","protected":false},"author":6,"featured_media":9504,"comment_status":"closed","ping_status":"closed","sticky":false,"template":"","format":"standard","meta":{"_acf_changed":false,"footnotes":""},"categories":[55],"tags":[],"class_list":["post-9503","post","type-post","status-publish","format-standard","has-post-thumbnail","hentry","category-electricos","resize-featured-image"],"acf":[],"_links":{"self":[{"href":"https:\/\/www.autonocion.com\/motornocion\/wp-json\/wp\/v2\/posts\/9503","targetHints":{"allow":["GET"]}}],"collection":[{"href":"https:\/\/www.autonocion.com\/motornocion\/wp-json\/wp\/v2\/posts"}],"about":[{"href":"https:\/\/www.autonocion.com\/motornocion\/wp-json\/wp\/v2\/types\/post"}],"author":[{"embeddable":true,"href":"https:\/\/www.autonocion.com\/motornocion\/wp-json\/wp\/v2\/users\/6"}],"replies":[{"embeddable":true,"href":"https:\/\/www.autonocion.com\/motornocion\/wp-json\/wp\/v2\/comments?post=9503"}],"version-history":[{"count":4,"href":"https:\/\/www.autonocion.com\/motornocion\/wp-json\/wp\/v2\/posts\/9503\/revisions"}],"predecessor-version":[{"id":9508,"href":"https:\/\/www.autonocion.com\/motornocion\/wp-json\/wp\/v2\/posts\/9503\/revisions\/9508"}],"wp:featuredmedia":[{"embeddable":true,"href":"https:\/\/www.autonocion.com\/motornocion\/wp-json\/wp\/v2\/media\/9504"}],"wp:attachment":[{"href":"https:\/\/www.autonocion.com\/motornocion\/wp-json\/wp\/v2\/media?parent=9503"}],"wp:term":[{"taxonomy":"category","embeddable":true,"href":"https:\/\/www.autonocion.com\/motornocion\/wp-json\/wp\/v2\/categories?post=9503"},{"taxonomy":"post_tag","embeddable":true,"href":"https:\/\/www.autonocion.com\/motornocion\/wp-json\/wp\/v2\/tags?post=9503"}],"curies":[{"name":"wp","href":"https:\/\/api.w.org\/{rel}","templated":true}]}}