{"id":6709,"date":"2026-03-13T17:00:09","date_gmt":"2026-03-13T16:00:09","guid":{"rendered":"https:\/\/www.autonocion.com\/motornocion\/?p=6709"},"modified":"2026-03-13T10:56:10","modified_gmt":"2026-03-13T09:56:10","slug":"dgt-eclipse-trafico","status":"publish","type":"post","link":"https:\/\/www.autonocion.com\/motornocion\/dgt-eclipse-trafico\/","title":{"rendered":"La DGT prepara restricciones de tr\u00e1fico en 6 comunidades por algo que no tiene nada que ver con el coche\u2026 y ya est\u00e1 en el BOE"},"content":{"rendered":"<p>Espa\u00f1a se prepara para vivir un acontecimiento hist\u00f3rico el pr\u00f3ximo <strong>12 de agosto<\/strong>, nada tiene que ver con el mundo del motor, pero va a condicionar el pa\u00eds entero, y eso tambi\u00e9n afecta al <a href=\"https:\/\/www.autonocion.com\/motornocion\/pase-vip-electrico-vao-dgt\/\"><strong>tr\u00e1fico<\/strong><\/a>. Ese d\u00eda esta marcado en rojo en el calendario, no solo nacional, el de todo el mundo, porque nuestro pa\u00eds ser\u00e1 testigo directo de un eclipse de sol total, que tambi\u00e9n se da en otras partes del mundo, pero en ning\u00fan sitio con la intensidad con la que se vivir\u00e1 aqu\u00ed, donde se har\u00e1 completamente de noche en torno a las 19:00 horas, cuando en verano, es de d\u00eda hasta las 21:30 \u2013 22:00 horas. Es un acontecimiento que no se viv\u00eda en Espa\u00f1a desde hace 121 a\u00f1os, es decir, solo existe una persona viva en el mundo la \u00faltima vez que se produjo, Jeanne Calment, una francesa de 122 a\u00f1os de edad.<\/p>\n<p>Siendo pleno verano y siendo un acontecimiento \u00fanico y Mundial, todos los organismos oficiales mueven ficha para asegurar que todo marche correctamente ese d\u00eda, y eso no escapa a la <a href=\"https:\/\/www.autonocion.com\/motornocion\/pase-vip-electrico-vao-dgt\/\"><strong>DGT<\/strong><\/a>. Seg\u00fan se ha publicado en el BOE, se llevar\u00e1 a cabo un plan de seguridad vial que contempla restricciones de circulaci\u00f3n en varias comunidades aut\u00f3nomas, dada la avalancha de persona que se esperan para presenciar el fen\u00f3meno.<\/p>\n<p>Obviamente, es una medida in\u00e9dita, que ojo, podr\u00e1 repetirse el a\u00f1o que viene, porque contra pron\u00f3stico, Espa\u00f1a vivir\u00e1 otro eclipse de similares caracter\u00edsticas el pr\u00f3ximo a\u00f1o, pero eso es otra cuesti\u00f3n. Para este verano, Pere Navarro prev\u00e9 limitar o regular el tr\u00e1fico en determinados puntos para as\u00ed evitar colapsos.<\/p>\n<h2>La DGT activa un plan por el eclipse<\/h2>\n<p>El eclipse tendr\u00e1 lugar el pr\u00f3ximo 12 de agosto de 2026, y supone el evento astron\u00f3mico m\u00e1s importante de Espa\u00f1a en d\u00e9cadas, incluso en siglos si nos remontamos a 1905, cuando se produjo el \u00faltimo de similares caracter\u00edsticas. La luna cubrir\u00e1 completamente el sol, desde <strong>A Coru\u00f1a hasta Palma de Mallorca<\/strong>, y ser\u00e1 visible en plenitud a su paso por <strong>Oviedo, Le\u00f3n, Burgos, Soria, Zaragoza, Castell\u00f3n o Valencia<\/strong>. Durante unos minutos, ser\u00e1 de noche durante el d\u00eda, y alrededor de loas 20:30, ser\u00e1 el momento de m\u00e1ximo esplendor, el espect\u00e1culo ser\u00e1 a\u00fan m\u00e1s llamativo coincidiendo con el momento en el que el sol est\u00e9 m\u00e1s bajo. El momento de oscuridad total ser\u00e1 muy leve, pero suficiente para apreciarse, 1 minuto y 50 segundos.<\/p>\n<p>Dadas las fechas de verano, dada la m\u00e1s que probable buena visibilidad, y dado el evento hist\u00f3rico, se prev\u00e9 que haya desplazamientos masivos de personas hacia las zonas con mejor visibilidad, incluso habr\u00e1 muchas personas que viajen solo para presenciar el evento. Y esto ha provocado que la <strong>DGT<\/strong> se preparare para tal fecha.<\/p>\n<h2>Las comunidades afectadas<\/h2>\n<p>El eclipse ser\u00e1 visible en toda Espa\u00f1a al 99%, pero solo unas pocas comunidades o ciudades podr\u00e1n <strong>disfrutar del 100% del eclipse,<\/strong> y aunque un 1% no parezca mucho, las diferencias son muy evidentes, lo suficiente como para que un punto se oscurezca completamente y otro no. Por eso, las regiones donde se aprecie el 100% ser\u00e1n especialmente visibles y es donde se aplican las medidas, por ejemplo, Arag\u00f3n, Asturias, Castilla-La Mancha , Castilla y Le\u00f3n, La Rioja y la Comunidad Valenciana. El objetivo es garantizar la seguridad vial y evitar en la medida de los posible, grandes congestiones en carreteras. Estas restricciones se aplicar\u00e1n en momentos concretos y en determinados tramos de carretera en caso de que sea necesario. Habr\u00e1 limitaciones de ciertos veh\u00edculos, como pueden ser los camiones, regulaci\u00f3n del flujo de tr\u00e1fico, o ciertos ajustes que tengan que ver con la organizaci\u00f3n de eventos que pudiera afectar y condicionar la circulaci\u00f3n.<\/p>\n<p>Por ejemplo, se restringen las autorizaciones para pruebas deportivas o eventos en carretera que puedan suponer la alternaci\u00f3n del tr\u00e1fico. Los veh\u00edculos pesados, como decimos, tambi\u00e9n tendr\u00e1n que cambiar la hoja de ruta o adaptar sus horarios para no encontrarse con las restricciones.<\/p>\n<h2>Un fen\u00f3meno que mueve millones de personas<\/h2>\n<p>Acontecimientos como el que se vivir\u00e1 en Espa\u00f1a, mueven a millones de personas, pero pocas veces coincide la fecha con periodos de vacaciones, lo que, a bien seguro, va a provocar mayores desplazamientos, desde el \u00e1mbito nacional y el \u00e1mbito internacional. Muchas personas estar\u00e1n de vacaciones por aquellas fechas, hay que recordar que el mes de agosto en Espa\u00f1a es el mes donde m\u00e1s ciudadanos disfrutan de un merecido descanso.<\/p>\n<p>La cosa en Europa est\u00e1 m\u00e1s repartida con el mes de julio, pero a bien seguro que miles de ciudadanos europeos, y de otras partes del globo, aprovechar\u00e1n el evento para viajar unos d\u00edas a Espa\u00f1a y poder contemplar tal fen\u00f3meno. Por eso, la DGT se prear\u00e1 para una fecha clave, ser\u00e1n miles de personas las que se desplacen a Espa\u00f1a para ese d\u00eda, quiz\u00e1 estemos hablando de millones de personas que se repartir\u00e1n por las zonas del pa\u00eds donde se podr\u00e1 ver al 100%.<\/p>\n","protected":false},"excerpt":{"rendered":"<p>Espa\u00f1a se prepara para vivir un acontecimiento hist\u00f3rico el pr\u00f3ximo 12 de agosto, nada tiene que ver con el mundo &#8230; <\/p>\n<p class=\"read-more-container\"><a title=\"La DGT prepara restricciones de tr\u00e1fico en 6 comunidades por algo que no tiene nada que ver con el coche\u2026 y ya est\u00e1 en el BOE\" class=\"read-more button\" href=\"https:\/\/www.autonocion.com\/motornocion\/dgt-eclipse-trafico\/#more-6709\" aria-label=\"Leer m\u00e1s sobre La DGT prepara restricciones de tr\u00e1fico en 6 comunidades por algo que no tiene nada que ver con el coche\u2026 y ya est\u00e1 en el BOE\">Read more<\/a><\/p>\n","protected":false},"author":6,"featured_media":6710,"comment_status":"closed","ping_status":"closed","sticky":false,"template":"","format":"standard","meta":{"_acf_changed":false,"footnotes":""},"categories":[4],"tags":[],"class_list":["post-6709","post","type-post","status-publish","format-standard","has-post-thumbnail","hentry","category-actualidad","resize-featured-image"],"acf":[],"_links":{"self":[{"href":"https:\/\/www.autonocion.com\/motornocion\/wp-json\/wp\/v2\/posts\/6709","targetHints":{"allow":["GET"]}}],"collection":[{"href":"https:\/\/www.autonocion.com\/motornocion\/wp-json\/wp\/v2\/posts"}],"about":[{"href":"https:\/\/www.autonocion.com\/motornocion\/wp-json\/wp\/v2\/types\/post"}],"author":[{"embeddable":true,"href":"https:\/\/www.autonocion.com\/motornocion\/wp-json\/wp\/v2\/users\/6"}],"replies":[{"embeddable":true,"href":"https:\/\/www.autonocion.com\/motornocion\/wp-json\/wp\/v2\/comments?post=6709"}],"version-history":[{"count":3,"href":"https:\/\/www.autonocion.com\/motornocion\/wp-json\/wp\/v2\/posts\/6709\/revisions"}],"predecessor-version":[{"id":6716,"href":"https:\/\/www.autonocion.com\/motornocion\/wp-json\/wp\/v2\/posts\/6709\/revisions\/6716"}],"wp:featuredmedia":[{"embeddable":true,"href":"https:\/\/www.autonocion.com\/motornocion\/wp-json\/wp\/v2\/media\/6710"}],"wp:attachment":[{"href":"https:\/\/www.autonocion.com\/motornocion\/wp-json\/wp\/v2\/media?parent=6709"}],"wp:term":[{"taxonomy":"category","embeddable":true,"href":"https:\/\/www.autonocion.com\/motornocion\/wp-json\/wp\/v2\/categories?post=6709"},{"taxonomy":"post_tag","embeddable":true,"href":"https:\/\/www.autonocion.com\/motornocion\/wp-json\/wp\/v2\/tags?post=6709"}],"curies":[{"name":"wp","href":"https:\/\/api.w.org\/{rel}","templated":true}]}}