{"id":6589,"date":"2026-03-15T16:00:29","date_gmt":"2026-03-15T15:00:29","guid":{"rendered":"https:\/\/www.autonocion.com\/motornocion\/?p=6589"},"modified":"2026-03-13T10:50:50","modified_gmt":"2026-03-13T09:50:50","slug":"espana-suv-electrico-chino-bmw","status":"publish","type":"post","link":"https:\/\/www.autonocion.com\/motornocion\/espana-suv-electrico-chino-bmw\/","title":{"rendered":"Llega a Espa\u00f1a un SUV el\u00e9ctrico chino de 646 CV, 543 km de autonom\u00eda y tracci\u00f3n total&#8230; por 7.000\u20ac menos que un BMW iX3"},"content":{"rendered":"<p>La presencia cada vez m\u00e1s preponderante de las <a href=\"https:\/\/www.autonocion.com\/motornocion\/mg-mg4-actualizacion\/\"><strong>marcas chinas<\/strong><\/a> en el mercado europeo ya no sorprende a nadie. La tendencia ha sido clara y estas firmas han puesto en aprietos a las marcas tradicionales obligando a un cambio de las reglas del juego. El \u00faltimo ejemplo es el <strong>Zeekr 7X<\/strong>, un <strong>SUV el\u00e9ctrico<\/strong> de gran tama\u00f1o que acaba de anunciar su desembarco en Espa\u00f1a con cifras de potencia, tecnolog\u00eda y precio que nada tienen que envidar a las marcas tradicionales.<\/p>\n<p>Este nuevo modelo es el primer <strong>SUV<\/strong> de gran tama\u00f1o que la marca <strong>Zeekr<\/strong> introduce en el mercado espa\u00f1ol. La propuesta de la firma es clara: ofrecer prestaciones y tecnolog\u00eda propias de un modelo premium por un precio inferior al de sus rivales. La comparaci\u00f3n m\u00e1s evidente es con el nuevo <strong><a href=\"https:\/\/www.autonocion.com\/motornocion\/bmw-ix3-tesla-mercedes\/\">BMW<\/a> iX3<\/strong> de nueva generaci\u00f3n. En <strong>potencia<\/strong> y <strong>velocidad<\/strong> de <strong>carga,<\/strong> el modelo chino toma la delantera. Pero en <strong>autonom\u00eda,<\/strong> el SUV alem\u00e1n sigue teniendo ventaja.<\/p>\n<h2>Un SUV grande y con la \u00faltima tecnolog\u00eda<\/h2>\n<p>El Zeekr 7X llega al mercado espa\u00f1ol pisano fuerte para colarse en el segmento de los <strong>SUV el\u00e9ctricos familiares<\/strong>. Sus dimensiones, 4,78 metros de longitud, pr\u00e1cticamente lo mismo que el nuevo BMW iX3, lo convierten en un coche de gran tama\u00f1o.<\/p>\n<p>Adem\u00e1s del tama\u00f1o, uno de sus grandes argumentos es su arquitectura el\u00e9ctrica de <strong>800 voltios,<\/strong> una tecnolog\u00eda que permite reducir los tiempos de carga y mejorar la eficiencia energ\u00e9tica. Y es que gracias a esto, el modelo puede recargar su bater\u00eda del <strong>10 al 80% en apenas 13 minutos<\/strong> en su versi\u00f3n de acceso.<\/p>\n<p>M\u00e1s all\u00e1 de las caracter\u00edsticas del modelo chino, destaca tambi\u00e9n su estrategia de marca. Zeekr ha anunciado una red de distribuci\u00f3n y posventa propia. Esto significa concesionarios oficiales, servicio t\u00e9cnico y precios cerrados.<\/p>\n<h2>Tres versiones con hasta 646 CV<\/h2>\n<p>La gama del Zeekr 7X constar\u00e1 de tres versiones que, si bien comparten el mismo dise\u00f1o, tendr\u00e1n diferentes configuraciones de bater\u00eda y potencia.<\/p>\n<p><strong>Zeekr 7X Core<\/strong><\/p>\n<p>El Zeerk 7X Core es la versi\u00f3n de acceso pero con una potencia de <strong>421 CV<\/strong> y autonom\u00eda de <strong>480 km WLTP<\/strong> lo sit\u00faan en la parte alta del segmente. Su precio de salida estar\u00e1 en <strong>52.990 euros.<\/strong><\/p>\n<p><strong>Zeekr 7X Long Range<\/strong><\/p>\n<p>Esta variante est\u00e1 orientada a quienes priorizan viajar m\u00e1s kil\u00f3metros entre recargas. La potencia es la misma que en el Core, <strong>421 CV<\/strong>, pero la diferencia la marca una autonom\u00eda que puede alcanzar los <strong>615 km WLTP.<\/strong> Esta mejora sube el precio hasta los <strong>55.990 euros. <\/strong><\/p>\n<p><strong>Zeekr 7X Privilege<\/strong><\/p>\n<p>Es el modelo m\u00e1s potente de la gama y el que compite directamente con los SUV el\u00e9ctricos premium europeos. Cuenta con una potencia de <strong>646 CV, tracci\u00f3n total<\/strong> y una autonom\u00eda de <strong>543 km WLTP.<\/strong> Su precio de venta sube a los <strong>62.990 euros.<\/strong><\/p>\n<h2>M\u00e1s potencia que el BMW iX3&#8230; y un precio m\u00e1s asequible<\/h2>\n<p>Las comparaciones son odiosas&#8230; pero inevitables. Siempre que un modelo chino entra en el mercado se busca la <strong>comparaci\u00f3n<\/strong> con una marca tradicional para hacerse una idea de prestaciones y relaci\u00f3n calidad precio. En el caso del Zeekr 7X esta comparativa se hace con su m\u00e1ximo competidor, el<strong> BMW iX3 en su versi\u00f3n 50 xDrive.<\/strong><\/p>\n<p>Al realizar esta <strong>comparativa<\/strong> encontramos el mayor argumento para lanzarse a comprar el Zeekr. Y es que el SUV chino ofrece 646 CV, lo que supone <strong>177 CV m\u00e1s que el modelo alem\u00e1n equivalente.\u00a0<\/strong><\/p>\n<p>Si lo que miramos es el bolsillo, este tambi\u00e9n juega un papel importante a favor del coche asi\u00e1tico. Y es que el <strong>Zeekr<\/strong> 7X Privilege cuesta <strong>62.990 euros<\/strong>, mientras que el <strong>iX3<\/strong> parte de una cifra aproximadamente<strong> 6.900 euros por encima.<\/strong><\/p>\n<p>En definitiva, el modelo chino ofrece m\u00e1s potencia a un precio m\u00e1s bajo dentro del mismo tama\u00f1o de veh\u00edculo.<\/p>\n<h2>La ventaja clara del BMW<\/h2>\n<p>No en todo sale ganando ante el gigante alem\u00e1n. BMW se guarda un importante As bajo la manga que lo diferencia de este nuevo competidor chino. El nuevo <strong>iX3<\/strong> homologa<strong> 805 km de autonom\u00eda WLTP<\/strong>, una cifra muy superior a los<strong> 543 km del Zeekr 7X<\/strong> m\u00e1s potente. Es decir, el SUV alem\u00e1n puede recorrer m\u00e1s de<strong> 250 kil\u00f3metros adicionales<\/strong> con una sola carga. Algo muy a tener en cuenta si se es un viajero frecuente.<\/p>\n<p>Tambi\u00e9n hay diferencias en el <strong>sistema de carga.<\/strong> El veh\u00edculo alem\u00e1n admite hasta 400 kW, mientras que el Zeekr puede alcanzar 480 kW, lo que le permite recuperar energ\u00eda m\u00e1s r\u00e1pido cuando se conecta a una estaci\u00f3n compatible.<\/p>\n<p>No hay un ganador claro en la comparativa y depender\u00e1 lo que busque el conducto para tomar la decisi\u00f3n. Si prioriza autonom\u00eda o potencia y velocidad de carga. Lo que est\u00e1 claro es que el modelo chino llega con fuerza y es un rival a tener en cuanta para la firma alemana.<\/p>\n","protected":false},"excerpt":{"rendered":"<p>La presencia cada vez m\u00e1s preponderante de las marcas chinas en el mercado europeo ya no sorprende a nadie. La &#8230; <\/p>\n<p class=\"read-more-container\"><a title=\"Llega a Espa\u00f1a un SUV el\u00e9ctrico chino de 646 CV, 543 km de autonom\u00eda y tracci\u00f3n total&#8230; por 7.000\u20ac menos que un BMW iX3\" class=\"read-more button\" href=\"https:\/\/www.autonocion.com\/motornocion\/espana-suv-electrico-chino-bmw\/#more-6589\" aria-label=\"Leer m\u00e1s sobre Llega a Espa\u00f1a un SUV el\u00e9ctrico chino de 646 CV, 543 km de autonom\u00eda y tracci\u00f3n total&#8230; por 7.000\u20ac menos que un BMW iX3\">Read more<\/a><\/p>\n","protected":false},"author":7,"featured_media":6591,"comment_status":"closed","ping_status":"closed","sticky":false,"template":"","format":"standard","meta":{"_acf_changed":false,"footnotes":""},"categories":[55],"tags":[],"class_list":["post-6589","post","type-post","status-publish","format-standard","has-post-thumbnail","hentry","category-electricos","resize-featured-image"],"acf":[],"_links":{"self":[{"href":"https:\/\/www.autonocion.com\/motornocion\/wp-json\/wp\/v2\/posts\/6589","targetHints":{"allow":["GET"]}}],"collection":[{"href":"https:\/\/www.autonocion.com\/motornocion\/wp-json\/wp\/v2\/posts"}],"about":[{"href":"https:\/\/www.autonocion.com\/motornocion\/wp-json\/wp\/v2\/types\/post"}],"author":[{"embeddable":true,"href":"https:\/\/www.autonocion.com\/motornocion\/wp-json\/wp\/v2\/users\/7"}],"replies":[{"embeddable":true,"href":"https:\/\/www.autonocion.com\/motornocion\/wp-json\/wp\/v2\/comments?post=6589"}],"version-history":[{"count":3,"href":"https:\/\/www.autonocion.com\/motornocion\/wp-json\/wp\/v2\/posts\/6589\/revisions"}],"predecessor-version":[{"id":6715,"href":"https:\/\/www.autonocion.com\/motornocion\/wp-json\/wp\/v2\/posts\/6589\/revisions\/6715"}],"wp:featuredmedia":[{"embeddable":true,"href":"https:\/\/www.autonocion.com\/motornocion\/wp-json\/wp\/v2\/media\/6591"}],"wp:attachment":[{"href":"https:\/\/www.autonocion.com\/motornocion\/wp-json\/wp\/v2\/media?parent=6589"}],"wp:term":[{"taxonomy":"category","embeddable":true,"href":"https:\/\/www.autonocion.com\/motornocion\/wp-json\/wp\/v2\/categories?post=6589"},{"taxonomy":"post_tag","embeddable":true,"href":"https:\/\/www.autonocion.com\/motornocion\/wp-json\/wp\/v2\/tags?post=6589"}],"curies":[{"name":"wp","href":"https:\/\/api.w.org\/{rel}","templated":true}]}}