{"id":6513,"date":"2026-03-11T19:00:24","date_gmt":"2026-03-11T18:00:24","guid":{"rendered":"https:\/\/www.autonocion.com\/motornocion\/?p=6513"},"modified":"2026-03-11T12:04:07","modified_gmt":"2026-03-11T11:04:07","slug":"porsche-cayenne-2026","status":"publish","type":"post","link":"https:\/\/www.autonocion.com\/motornocion\/porsche-cayenne-2026\/","title":{"rendered":"Porsche cambia las reglas del Cayenne con un facelift cazado de pruebas: m\u00e1s de 729 CV, etiqueta CERO y presentaci\u00f3n en primavera"},"content":{"rendered":"<p>El <a href=\"https:\/\/www.autonocion.com\/porsche-cayenne-electric-suv-2025\/\"><strong>Porsche Cayenne<\/strong> <\/a>se encuentra en la recta final para su nueva evoluci\u00f3n, que podr\u00eda reafirmar su reinado en el segmento de los SUV de lujo. Las fotograf\u00edas captadas por <strong>Autoblog<\/strong> dejan ver dos prototipos de la ansiada revisi\u00f3n del modelo germano en plena fase de pruebas. Las fotograf\u00edas del medio corresponden a las versiones<strong> E-Hybrid y Turbo E-Hybrid<\/strong>, las dos son h\u00edbridos enchufables, y aunque los cambios exteriores no parecen muy evidentes, si se perciben cambios en la aerodin\u00e1mica, en la tecnolog\u00eda y seguro que en el rendimiento. Todo apunta a que los nuevos modelos superar\u00e1n los 729 CV actuales.<\/p>\n<p>El Cayenne es el Porsche m\u00e1s vendido en nuestro pa\u00eds, por lo que esta actualizaci\u00f3n ser\u00e1 especialmente relevante, y los modelos h\u00edbridos enchufables son los que pueden acceder a la etiqueta CERO de la DGT, por lo que sus ventajas son m\u00e1s que evidentes.<\/p>\n<h2>Porsche actualiza el Cayenne<\/h2>\n<p>Las im\u00e1genes captadas por <strong>Autoblog<\/strong> muestran un enfoque conservador en cuanto a la est\u00e9tica del veh\u00edculo, el <strong>Facelift<\/strong> es igual de reconocible, pero si se aprecia algunos elementos diferenciales en el frontal y la zaga. Los faros delanteros conservan su forma, aunque las im\u00e1genes muestran peque\u00f1as revisiones en la carcasa interna y en la propia firma lum\u00ednica. Se mantiene su iluminaci\u00f3n LED tan caracter\u00edstica, aunque hay peque\u00f1os gr\u00e1ficos actualizados. Los intermitentes son diferentes, ahora se presentan en una barra horizontal recta.<\/p>\n<p>Se han redise\u00f1ado las tomas de aire del paragolpes, se han divido en dos las barras horizontales que las entradas laterales, y la rejilla central muestra separaciones a\u00fan m\u00e1s marcadas. Son cambios en detalles sutiles, pero mejoran la refrigeraci\u00f3n y la eficiencia aerodin\u00e1mica.<\/p>\n<p>La firma lum\u00ednica para los pilotos de la parte de atr\u00e1s tambi\u00e9n ha sufrido ligeras modificaciones, ahora con elementos horizontales que ya no se conectan entre s\u00ed. Tambi\u00e9n se ha revisado el difusor trasero, pero todo ello hay que agarrarlo con pinzas, podr\u00eda ser provisionales al tratarse de prototipo en fase de desarrollo.<\/p>\n<p>Por tanto, la identidad es similar, con mejoras visuales sutiles pero que muestran un lavado de cara, as\u00ed que los cambios m\u00e1s evidentes de prev\u00e9n en el motor, una apuesta para mantenerse como referente en los SUV premium del mercado.<\/p>\n<h2>M\u00e1s potencia para el Cayenne Turbo E-Hybrid<\/h2>\n<p>El actual <strong>Cayenne Turbo E-Hybrid<\/strong> ofrece un motor V8 biturbo de 4.0 litros combinado con un sistema el\u00e9ctrico que permite alcanzar los 729 CV de potencia combinada. En su \u00faltima actualizaci\u00f3n, la potencia se increment\u00f3 en 59 CV, as\u00ed que es de esperar que la marca quiere exprimir m\u00e1s este apartado, as\u00ed que las principales hip\u00f3tesis apuntan a que el <strong>facelift<\/strong> de la pr\u00f3xima actualizaci\u00f3n puede acercarse a los 800 CV, aunque llegar a tal cifra, parece casi imposible.<\/p>\n<p>Para lograr m\u00e1s potencia, lo l\u00f3gico es apostar pro el componente el\u00e9ctrico del sistema, es decir, la propia potencia del motor el\u00e9ctrico o la capacidad de la bater\u00eda. De esta forma, pueden aumentar las prestaciones sin sacrificar las emisiones, primordial teniendo en cuenta la pr\u00f3xima normativa Euro 7 para todo el continente europeo.<\/p>\n<p>Las versiones h\u00edbridas enchufables m\u00e1s econ\u00f3micas del <strong>Cayenne<\/strong> podr\u00edan cambiar, en el sentido de que podr\u00edan recibir mejoras. De hecho, el Cayenne E-Hybrid ahora desarrolla <strong>463 CV,<\/strong> mientras que el Cayenne S E-Hybrid genera, por su parte, 512 CV gracias a un motor <strong>V6 turbo<\/strong> y a la parte el\u00e9ctrica. Todo parece indicar que estas cifras tambi\u00e9n podr\u00edan aumentar con la actualizaci\u00f3n que se avecina.<\/p>\n<h2>El Cayenne en Espa\u00f1a<\/h2>\n<p>Cayenne es clave para <a href=\"https:\/\/www.autonocion.com\/motornocion\/porsche-error-coches-electricos-macan\/\"><strong>Porsche<\/strong> <\/a>en todo el mundo, pero en Espa\u00f1a supone un mercado clave, porque desde que el SUV se lanz\u00f3, ha sido el veh\u00edculo de la marca con m\u00e1s ventas, gracias a la combinaci\u00f3n de lujo, deportividad, versatilidad y espacio. En nuestro pa\u00eds, las versiones h\u00edbridas enchufables tienen un gran peso, gracias a que no sufre las restricciones medioambientales de las grandes ciudades. Llevan etiqueta CERO, las m\u00e1s beneficiosa de la DGT, de ah\u00ed que sea una opci\u00f3n tan atractiva dentro de las opciones que ofrece el mercado.<\/p>\n<p>El nuevo <strong>facelift<\/strong> llega tambi\u00e9n en un punto importante, mientras <a href=\"https:\/\/www.autonocion.com\/motornocion\/bmw-level-3-serie-7\/\"><strong>BMW<\/strong> <\/a>aglutina la llegada de la nueva generaci\u00f3n del modelo X5 que emplea la plataforma Neue Klasse, la competencia por los SUV premium electrificados se vuelve todav\u00eda m\u00e1s complicada. Tras la llegada del <a href=\"https:\/\/www.autonocion.com\/historia-imagenes-motor-bmw-x5-le-mans\/\"><strong>X5<\/strong><\/a>, Porsche deber\u00e1 actualizarse para poder defender su trono en esta categor\u00eda del mercado.<\/p>\n<p>De momento son solo im\u00e1genes de pruebas, nada confirmado, pero es una clara se\u00f1al de c\u00f3mo ser\u00e1 el nuevo Cayenne, que pronto ver\u00e1 la luz. Porsche sabe que se juega mucho con este modelo, el mundo de la automoci\u00f3n est\u00e1 en constante cambio, cada vez hay m\u00e1s opciones premium que se acercan al rendimiento y a las prestaciones, as\u00ed que toca dar un paso adelante para seguir siendo una marca de referencia.<\/p>\n","protected":false},"excerpt":{"rendered":"<p>El Porsche Cayenne se encuentra en la recta final para su nueva evoluci\u00f3n, que podr\u00eda reafirmar su reinado en el &#8230; <\/p>\n<p class=\"read-more-container\"><a title=\"Porsche cambia las reglas del Cayenne con un facelift cazado de pruebas: m\u00e1s de 729 CV, etiqueta CERO y presentaci\u00f3n en primavera\" class=\"read-more button\" href=\"https:\/\/www.autonocion.com\/motornocion\/porsche-cayenne-2026\/#more-6513\" aria-label=\"Leer m\u00e1s sobre Porsche cambia las reglas del Cayenne con un facelift cazado de pruebas: m\u00e1s de 729 CV, etiqueta CERO y presentaci\u00f3n en primavera\">Read more<\/a><\/p>\n","protected":false},"author":6,"featured_media":6519,"comment_status":"closed","ping_status":"closed","sticky":false,"template":"","format":"standard","meta":{"_acf_changed":false,"footnotes":""},"categories":[56],"tags":[],"class_list":["post-6513","post","type-post","status-publish","format-standard","has-post-thumbnail","hentry","category-hibridos","resize-featured-image"],"acf":[],"_links":{"self":[{"href":"https:\/\/www.autonocion.com\/motornocion\/wp-json\/wp\/v2\/posts\/6513","targetHints":{"allow":["GET"]}}],"collection":[{"href":"https:\/\/www.autonocion.com\/motornocion\/wp-json\/wp\/v2\/posts"}],"about":[{"href":"https:\/\/www.autonocion.com\/motornocion\/wp-json\/wp\/v2\/types\/post"}],"author":[{"embeddable":true,"href":"https:\/\/www.autonocion.com\/motornocion\/wp-json\/wp\/v2\/users\/6"}],"replies":[{"embeddable":true,"href":"https:\/\/www.autonocion.com\/motornocion\/wp-json\/wp\/v2\/comments?post=6513"}],"version-history":[{"count":2,"href":"https:\/\/www.autonocion.com\/motornocion\/wp-json\/wp\/v2\/posts\/6513\/revisions"}],"predecessor-version":[{"id":6516,"href":"https:\/\/www.autonocion.com\/motornocion\/wp-json\/wp\/v2\/posts\/6513\/revisions\/6516"}],"wp:featuredmedia":[{"embeddable":true,"href":"https:\/\/www.autonocion.com\/motornocion\/wp-json\/wp\/v2\/media\/6519"}],"wp:attachment":[{"href":"https:\/\/www.autonocion.com\/motornocion\/wp-json\/wp\/v2\/media?parent=6513"}],"wp:term":[{"taxonomy":"category","embeddable":true,"href":"https:\/\/www.autonocion.com\/motornocion\/wp-json\/wp\/v2\/categories?post=6513"},{"taxonomy":"post_tag","embeddable":true,"href":"https:\/\/www.autonocion.com\/motornocion\/wp-json\/wp\/v2\/tags?post=6513"}],"curies":[{"name":"wp","href":"https:\/\/api.w.org\/{rel}","templated":true}]}}