{"id":6485,"date":"2026-03-11T15:00:58","date_gmt":"2026-03-11T14:00:58","guid":{"rendered":"https:\/\/www.autonocion.com\/motornocion\/?p=6485"},"modified":"2026-03-11T15:00:36","modified_gmt":"2026-03-11T14:00:36","slug":"kia-seltos-europa-julio-2026","status":"publish","type":"post","link":"https:\/\/www.autonocion.com\/motornocion\/kia-seltos-europa-julio-2026\/","title":{"rendered":"Kia planta un SUV nuevo en Espa\u00f1a para julio: vendr\u00e1 con 4,43 metros, gasolina e h\u00edbrido completo. Seat y Renault tienen un nuevo problema"},"content":{"rendered":"<p>Los<a href=\"https:\/\/www.autonocion.com\/motornocion\/guia-suv-compacto-2026\/\"><strong> SUV compactos<\/strong><\/a> en Espa\u00f1a est\u00e1n viviendo el mejor momento de su corta historia, y las principales marcas no dudan en sacar toda la artiller\u00eda para posicionar sus modelos por encima de los dem\u00e1s. Y por su no hubiera suficientes, Kia ha confirmado que en el pr\u00f3ximo mes de julio va a lanzar un modelo que es un \u00e9xito de ventas en todo el mundo, pero que todav\u00eda no hab\u00eda llegado a Espa\u00f1a, y solo por eso, la expectaci\u00f3n generada es enorme. Se trata del <strong><a href=\"https:\/\/www.autonocion.com\/kia-seltos-2026-caracteristicas-lanzamiento\/\">Kia Selto<\/a>,<\/strong> un SUV de 4,43 metros de motor de gasolina que, lo m\u00e1s probable, tenga incorporada una versi\u00f3n h\u00edbrida para adaptarse a la normativa y la tendencia europea.<\/p>\n<p>Un movimiento sorprendente de KIA, que, con este modelo, cubrir\u00e1 todo el espacio de los SUV en Espa\u00f1a. En este caso, la amenaza es directa para el <a href=\"https:\/\/www.autonocion.com\/nuevo-seat-arona-2025-motorizaciones-equipamiento-mejoras\/\"><strong>SEAT Arona<\/strong><\/a> o el <a href=\"https:\/\/www.autonocion.com\/renault-captur-motor-basico\/\"><strong>Renault Captur<\/strong><\/a>, los veh\u00edculos que mejor se pueden comparar a esta nueva apuesta coreana en Europa.<\/p>\n<h2>Kia y la llegada del Seltos<\/h2>\n<p><a href=\"https:\/\/www.autonocion.com\/coches-nuevos\/kia\/\"><strong>Kia<\/strong> <\/a>es un referente en Espa\u00f1a y en Europa si hablamos de modelos <strong>SUV<\/strong>, y la llegada del <strong>Seltos<\/strong> es una declaraci\u00f3n de intenciones, quiere dominar por completo el mercado. Porque este modelo se sit\u00faa entre medias del Stonic, que mide 4,14 metros, y el Sportage, de 4,51 metros. Este nuevo modelo mide 4,43, el espacio que a\u00fan quedaba por cubrir.<\/p>\n<p>Claro, el nombre, Seltos, a\u00fan no es muy conocido en Espa\u00f1a y Europa, por no decir nada, pero es muy importante para la marca. Ha logrado vender 1,7 millones de veh\u00edculos desde su estreno en 2019, y toca renovar la flota, as\u00ed que no hay mejor manera para, visto el \u00e9xito, expandirse a Europa.<\/p>\n<p>Un <strong>SUV<\/strong> desarrollado bajo la filosof\u00eda de dise\u00f1o \u201cOpposites United\u201d, siendo el que ha definido los modelos m\u00e1s recientes de la marca coreana. El resulto, un <strong>SUV<\/strong> robusto y moderno, frontal vertical, parrilla de gran tama\u00f1o y una firma luminosa LED. En general, presenta una imagen muy futurista. Mide .430 mm de largo, 1.830 mm de ancho y 1.600 mm de alto. La distancia entre ejes es de 2.690 mm.<\/p>\n<h2>El nuevo Kia Seltos<\/h2>\n<p>La apuesta del nuevo<strong> Kia Seltos<\/strong> es un dise\u00f1o m\u00e1s tecnol\u00f3gico en el interior, a la vez que funcional, con un salpicadero bajo que mejora considerablemente la visibilidad y, al mismo tiempo, aporta amplitud.<\/p>\n<p>Uno de los elementos m\u00e1s sobresalientes es la gran pantalla panor\u00e1mica que est\u00e1 conformado por dos monitores de 12,3 pulgadas que hacen grupo con la instrumentaci\u00f3n digital y el sistema multimedia. Y es que adem\u00e1s la marca ha desplazado el selector del cambio de marchas a la columna de direcci\u00f3n liberando as\u00ed espacio en la consola central y logrando que se mejora la ergonom\u00eda.<\/p>\n<p>El equipamiento tecnol\u00f3gico es una de las claves de este modelo, el punto fuerte, como la iluminaci\u00f3n ambiental con hasta 64 colores, la posibilidad de actualizar el sistema inal\u00e1mbricamente, c\u00e1mara de visi\u00f3n de 360 grados, y asistentes avanzados de conducci\u00f3n, junto a un asistente virtual con <strong>IA<\/strong> que permite interpretar \u00f3rdenes.<\/p>\n<p>El nivel de confort se espera muy elevado, incluye techo panor\u00e1mico sonido premium y asientos que tienen funciones avanzadas. El espacio tambi\u00e9n ser\u00e1 una de las caracter\u00edsticas principales, y contar\u00e1 con un maletero de 536 litros de capacidad.<\/p>\n<h2>Un rival para SEAT Arona y \u00a0Renault Captur<\/h2>\n<p>La llegada del Seltos quiere cubrir un espacio vac\u00edo en la marca, y dada su popularidad, est\u00e1 dispuesto a competir con el SEAT Arona (4,14 metros), el Hyundai Bayon (4,18 metros), el Skoda Kamiq (4,24 metros) o el Renault Captur (4,23 metros). La diferencia principal con ellos es el tama\u00f1o, <strong>Kia<\/strong> ser\u00e1 m\u00e1s grande.<\/p>\n<p>El modelo se va a vender en diferentes versiones seg\u00fan el mercado. Ser\u00e1 gasolina de cuatro cilindros, bloque turbo de 1.6 litros con alcanzar\u00e1 una potencia de 180 CV, aunque la estrategia en Europa a\u00fan no est\u00e1 definida, falta la electrificaci\u00f3n, pensada para adaptarse a las exigencias ambientales en Europa. Habr\u00e1 <a href=\"https:\/\/www.autonocion.com\/como-funciona-un-coche-hibrido\/\"><strong>h\u00edbridos<\/strong><\/a>, tambi\u00e9n se esperan versiones 100% el\u00e9ctricas, y es posible que se lancen a alguna versi\u00f3n solo con combusti\u00f3n interna, aunque a\u00fan no se ha confirmado.<\/p>\n<p>El Kia Seltos est\u00e1 previsto que llegue al mercado en el pr\u00f3ximo mes de julio, al inicio del verano, una apuesta de la marca coreana por conquistar el \u00fanico mercado que a\u00fan le queda por cubrir, un problema para la competencia, porque los coreanos llegan con un modelo nuevo para Europa, pero bien consolidado en mercados como el de Estados Unidos o el Indio. La marca coreana sabe que es el momento del cambio, y cuantas m\u00e1s opciones ofrezcan a los clientes, cuanto m\u00e1s mercado abarquen, m\u00e1s opciones ser\u00e1 de lograr mantener un posicionamiento consolidado durante a\u00f1os que se tambalea por el cambio que est\u00e1 sufriendo el sector.<\/p>\n","protected":false},"excerpt":{"rendered":"<p>Los SUV compactos en Espa\u00f1a est\u00e1n viviendo el mejor momento de su corta historia, y las principales marcas no dudan &#8230; <\/p>\n<p class=\"read-more-container\"><a title=\"Kia planta un SUV nuevo en Espa\u00f1a para julio: vendr\u00e1 con 4,43 metros, gasolina e h\u00edbrido completo. Seat y Renault tienen un nuevo problema\" class=\"read-more button\" href=\"https:\/\/www.autonocion.com\/motornocion\/kia-seltos-europa-julio-2026\/#more-6485\" aria-label=\"Leer m\u00e1s sobre Kia planta un SUV nuevo en Espa\u00f1a para julio: vendr\u00e1 con 4,43 metros, gasolina e h\u00edbrido completo. Seat y Renault tienen un nuevo problema\">Read more<\/a><\/p>\n","protected":false},"author":6,"featured_media":6534,"comment_status":"closed","ping_status":"closed","sticky":false,"template":"","format":"standard","meta":{"_acf_changed":false,"footnotes":""},"categories":[56],"tags":[],"class_list":["post-6485","post","type-post","status-publish","format-standard","has-post-thumbnail","hentry","category-hibridos","resize-featured-image"],"acf":[],"_links":{"self":[{"href":"https:\/\/www.autonocion.com\/motornocion\/wp-json\/wp\/v2\/posts\/6485","targetHints":{"allow":["GET"]}}],"collection":[{"href":"https:\/\/www.autonocion.com\/motornocion\/wp-json\/wp\/v2\/posts"}],"about":[{"href":"https:\/\/www.autonocion.com\/motornocion\/wp-json\/wp\/v2\/types\/post"}],"author":[{"embeddable":true,"href":"https:\/\/www.autonocion.com\/motornocion\/wp-json\/wp\/v2\/users\/6"}],"replies":[{"embeddable":true,"href":"https:\/\/www.autonocion.com\/motornocion\/wp-json\/wp\/v2\/comments?post=6485"}],"version-history":[{"count":4,"href":"https:\/\/www.autonocion.com\/motornocion\/wp-json\/wp\/v2\/posts\/6485\/revisions"}],"predecessor-version":[{"id":6490,"href":"https:\/\/www.autonocion.com\/motornocion\/wp-json\/wp\/v2\/posts\/6485\/revisions\/6490"}],"wp:featuredmedia":[{"embeddable":true,"href":"https:\/\/www.autonocion.com\/motornocion\/wp-json\/wp\/v2\/media\/6534"}],"wp:attachment":[{"href":"https:\/\/www.autonocion.com\/motornocion\/wp-json\/wp\/v2\/media?parent=6485"}],"wp:term":[{"taxonomy":"category","embeddable":true,"href":"https:\/\/www.autonocion.com\/motornocion\/wp-json\/wp\/v2\/categories?post=6485"},{"taxonomy":"post_tag","embeddable":true,"href":"https:\/\/www.autonocion.com\/motornocion\/wp-json\/wp\/v2\/tags?post=6485"}],"curies":[{"name":"wp","href":"https:\/\/api.w.org\/{rel}","templated":true}]}}