{"id":6449,"date":"2026-03-10T20:00:50","date_gmt":"2026-03-10T19:00:50","guid":{"rendered":"https:\/\/www.autonocion.com\/motornocion\/?p=6449"},"modified":"2026-03-10T16:18:56","modified_gmt":"2026-03-10T15:18:56","slug":"motor-honda-fernando-alonso-100cv-menos-mercedes","status":"publish","type":"post","link":"https:\/\/www.autonocion.com\/motornocion\/motor-honda-fernando-alonso-100cv-menos-mercedes\/","title":{"rendered":"El motor Honda de Fernando Alonso tiene 100 CV menos que Mercedes"},"content":{"rendered":"<p>La nueva era de la <a href=\"https:\/\/www.autonocion.com\/motornocion\/f1\/\">F1<\/a> ha empezado con una noticia preocupante para <a href=\"https:\/\/www.autonocion.com\/motornocion\/aston-martin-honda-china-japon\/\"><b>Aston Martin<\/b><\/a>. Y es que los datos tras el <a href=\"https:\/\/www.autonocion.com\/motornocion\/formula-1-2026-adelantamientos-australia-mercedes-alonso-sainz\/\">Gran Premio de Australia<\/a> confirman los peores presagios. Seg\u00fan informa el periodista <b>Carlos Miquel<\/b> en el diario <b>MARCA<\/b>, el motor <a href=\"https:\/\/www.autonocion.com\/motornocion\/honda-solucionar-motor-gp-de-china\/\"><b>Honda<\/b><\/a> sufre un d\u00e9ficit de potencia alarmante. En el paddock se comenta que la unidad de potencia japonesa tiene <b>entre 80 y 100 CV menos<\/b> que el motor <b>Mercedes<\/b>. Es una diferencia que condiciona por completo el rendimiento de <b>Fernando Alonso<\/b>.<\/p>\n<p>Esta falta de caballos no es un error de concepto en el dise\u00f1o; el problema real es la <b>fiabilidad<\/b>. Los ingenieros de <b>Honda<\/b> han detectado debilidades mec\u00e1nicas graves, donde han tenido que limitar el rendimiento para evitar que el motor explote en carrera. Por eso, el coche de <b>Fernando Alonso<\/b> sale a pista &#8216;capado&#8217; desde el primer minuto. La situaci\u00f3n es altamente compleja para un equipo que aspiraba a ganar desde la primera cita.<\/p>\n<p>La informaci\u00f3n, por tanto, apunta a un problema de gesti\u00f3n de la energ\u00eda. <strong>El motor Honda no puede exprimir su parte el\u00e9ctrica, <\/strong>as\u00ed como <strong>tampoco puede subir al m\u00e1ximo de revoluciones<\/strong>. Si lo hace, el riesgo de rotura es total. Por lo que <b>Fernando Alonso<\/b> se encuentra en una situaci\u00f3n de inferioridad imposible de compensar con las manos.<\/p>\n<p>El motor japon\u00e9s est\u00e1 lejos de los est\u00e1ndares de <b>Mercedes<\/b>. <span style=\"font-size: inherit;\">El equipo de ingenieros en Sakura trabaja contra reloj y saben que el <\/span><b style=\"font-size: inherit;\"><a href=\"https:\/\/www.autonocion.com\/motornocion\/sobrepeso-amr26-aston-martin-lobato\/\">AMR26<\/a> tiene potencial aerodin\u00e1mico<\/b><span style=\"font-size: inherit;\">. Sin embargo, el motor lastra cualquier avance. En las rectas de Albert Park, la diferencia era evidente a simple vista. <\/span>Los coches con motor <b>Mercedes<\/b><span style=\"font-size: inherit;\"> adelantaban al <\/span><b style=\"font-size: inherit;\">Aston Martin<\/b><span style=\"font-size: inherit;\"> sin necesidad de usar los modos de energ\u00eda m\u00e1s agresivos. Es un golpe de realidad muy duro para el proyecto liderado por Lawrence Stroll. La inversi\u00f3n millonaria no luce por culpa de la unidad de potencia.<\/span><\/p>\n<h2>La falta de fiabilidad del motor Honda obliga a limitar la potencia del Aston Martin de Alonso<\/h2>\n<p><a href=\"https:\/\/www.autonocion.com\/motornocion\/fernando-alonso-renovacion-aston-martin-ganar\/\"><b>Fernando Alonso<\/b><\/a> esperaba un escenario muy distinto para 2026. El asturiano confiaba en que <b>Honda<\/b> mantendr\u00eda el nivel mostrado con Red Bull en a\u00f1os anteriores. Pero, ahora, la realidad de la pista ha sido otra. <b>El coche es lento en velocidad punta y pierde tiempo en cada aceleraci\u00f3n<\/b>. Esto obliga al equipo a tomar decisiones dr\u00e1sticas en la configuraci\u00f3n del coche, <b>oblig\u00e1ndose a quitar aler\u00f3n para no ser tan lentos en las rectas.<\/b><\/p>\n<p><strong>Al quitar carga aerodin\u00e1mica, el coche se vuelve inestable<\/strong>. A su vez, el monoplaza <strong>patina en las curvas r\u00e1pidas y los neum\u00e1ticos sufren un desgaste excesivo<\/strong> por esta falta de equilibrio. Es un c\u00edrculo que arruina las carreras de <b>Fernando Alonso<\/b>. El piloto tiene que gestionar el motor para que no se rompa y, a la vez, pelear con un coche dif\u00edcil de conducir. Adem\u00e1s, lo visto en Australia refleja que la situaci\u00f3n no tiene una soluci\u00f3n f\u00e1cil a corto plazo.<\/p>\n<p><b>Mercedes,<\/b> por su parte, ha hecho sus deberes en la nueva normativa. Sus motores son robustos y extremadamente potentes. Esa ventaja de <b>100 CV<\/b> les permite jugar con la estrategia. Sus pilotos pueden usar toda la carga aerodin\u00e1mica que quieran, ya que <b>el motor empuja tanto que no les importa ser menos finos en las rectas.<\/b> Tienen lo mejor de los dos mundos: paso por curva y velocidad punta. Es exactamente lo que le falta a <b>Fernando Alonso<\/b>.<\/p>\n<p>La diferencia entre <b>Mercedes<\/b> y <b>Honda<\/b> es la m\u00e1s grande de la \u00faltima d\u00e9cada y el motor japon\u00e9s vuelve a ser el m\u00e1s d\u00e9bil de la parrilla. Para <b>Fernando Alonso<\/b>, ver la superioridad de los coches alemanes es frustrante. Sabe que, por mucho que arriesgue, el motor no le permite defender su posici\u00f3n.<\/p>\n<h2>El futuro de Aston Martin depende de una soluci\u00f3n urgente<\/h2>\n<p>El proyecto de <b>Aston Martin<\/b> afronta una situaci\u00f3n comprometida desde el inicio de esta temporada. <b>Honda<\/b> tiene que encontrar la manera de liberar la potencia que mantiene guardada por precauci\u00f3n. Para ello, los ingenieros deben asegurar que la mec\u00e1nica resista el esfuerzo en pista sin romperse. <b>La normativa de la FIA es estricta y solo permite modificaciones en el motor si se justifica una falta de fiabilidad.<\/b> La escuder\u00eda de Silverstone tiene mucho trabajo por delante en las pr\u00f3ximas semanas para intentar ganar rendimiento.<\/p>\n<figure id=\"attachment_6288\" aria-describedby=\"caption-attachment-6288\" style=\"width: -10px\" class=\"wp-caption aligncenter\"><img loading=\"lazy\" decoding=\"async\" class=\"wp-image-6288 size-full\" src=\"https:\/\/www.autonocion.com\/motornocion\/wp-content\/uploads\/2026\/03\/Aston-Martin-China-Japon.jpg\" alt=\"Aston Martin China Jap\u00f3n\" width=\"1800\" height=\"1013\" srcset=\"https:\/\/www.autonocion.com\/motornocion\/wp-content\/uploads\/2026\/03\/Aston-Martin-China-Japon.jpg 1800w, https:\/\/www.autonocion.com\/motornocion\/wp-content\/uploads\/2026\/03\/Aston-Martin-China-Japon-300x169.jpg 300w, https:\/\/www.autonocion.com\/motornocion\/wp-content\/uploads\/2026\/03\/Aston-Martin-China-Japon-1024x576.jpg 1024w, https:\/\/www.autonocion.com\/motornocion\/wp-content\/uploads\/2026\/03\/Aston-Martin-China-Japon-768x432.jpg 768w, https:\/\/www.autonocion.com\/motornocion\/wp-content\/uploads\/2026\/03\/Aston-Martin-China-Japon-1536x864.jpg 1536w\" sizes=\"auto, (max-width: 1800px) 100vw, 1800px\" \/><figcaption id=\"caption-attachment-6288\" class=\"wp-caption-text\">Lars Baron\/Getty Images<\/figcaption><\/figure>\n<p><b>Carlos Miquel<\/b> <a href=\"https:\/\/www.marca.com\/motor\/formula1\/gp-australia\/opinion\/2026\/03\/10\/alonso-regresa-minardi.html\" rel=\"nofollow noopener\" target=\"_blank\">subraya<\/a> que el ambiente en el equipo es tenso. <b>Fernando Alonso<\/b> mantiene la calma en p\u00fablico, pero los datos son demoledores. Sin esos 100 CV, el mapa pasa por objetivos mucho m\u00e1s bajos de lo que cabr\u00eda esperar. El calvario de <b>Honda<\/b> ha vuelto en el peor momento posible.<\/p>\n<p>Este escenario para Alonso tambi\u00e9n recuerda a su debut hace 25 a\u00f1os con Minardi. En 2001 el objetivo era batir a Benetton, pero en esta ocasi\u00f3n su primera vuelta destaca dentro de su historial. <b>Fernando Alonso<\/b> subi\u00f3 del puesto 17 al 10 en los primeros metros de la carrera. El movimiento se fragu\u00f3 en la primera chicane, donde fren\u00f3 antes para traccionar mejor y adelantar de una vez a Bortoleto y Albon en la curva tres. Leclerc, Alonso y <b>Carlos Sainz<\/b>, que remont\u00f3 del 21 al 13, fueron los pilotos m\u00e1s destacados en una salida marcada por el caos. A sus casi 45 a\u00f1os, el piloto asturiano repiti\u00f3 una actuaci\u00f3n en los metros iniciales que record\u00f3 a sus inicios en la categor\u00eda.<\/p>\n","protected":false},"excerpt":{"rendered":"<p>La nueva era de la F1 ha empezado con una noticia preocupante para Aston Martin. Y es que los datos &#8230; <\/p>\n<p class=\"read-more-container\"><a title=\"El motor Honda de Fernando Alonso tiene 100 CV menos que Mercedes\" class=\"read-more button\" href=\"https:\/\/www.autonocion.com\/motornocion\/motor-honda-fernando-alonso-100cv-menos-mercedes\/#more-6449\" aria-label=\"Leer m\u00e1s sobre El motor Honda de Fernando Alonso tiene 100 CV menos que Mercedes\">Read more<\/a><\/p>\n","protected":false},"author":4,"featured_media":6477,"comment_status":"closed","ping_status":"closed","sticky":false,"template":"","format":"standard","meta":{"_acf_changed":false,"footnotes":""},"categories":[5],"tags":[25,28,41],"class_list":["post-6449","post","type-post","status-publish","format-standard","has-post-thumbnail","hentry","category-f1","tag-aston-martin","tag-fernando-alonso","tag-honda","resize-featured-image"],"acf":[],"_links":{"self":[{"href":"https:\/\/www.autonocion.com\/motornocion\/wp-json\/wp\/v2\/posts\/6449","targetHints":{"allow":["GET"]}}],"collection":[{"href":"https:\/\/www.autonocion.com\/motornocion\/wp-json\/wp\/v2\/posts"}],"about":[{"href":"https:\/\/www.autonocion.com\/motornocion\/wp-json\/wp\/v2\/types\/post"}],"author":[{"embeddable":true,"href":"https:\/\/www.autonocion.com\/motornocion\/wp-json\/wp\/v2\/users\/4"}],"replies":[{"embeddable":true,"href":"https:\/\/www.autonocion.com\/motornocion\/wp-json\/wp\/v2\/comments?post=6449"}],"version-history":[{"count":6,"href":"https:\/\/www.autonocion.com\/motornocion\/wp-json\/wp\/v2\/posts\/6449\/revisions"}],"predecessor-version":[{"id":6478,"href":"https:\/\/www.autonocion.com\/motornocion\/wp-json\/wp\/v2\/posts\/6449\/revisions\/6478"}],"wp:featuredmedia":[{"embeddable":true,"href":"https:\/\/www.autonocion.com\/motornocion\/wp-json\/wp\/v2\/media\/6477"}],"wp:attachment":[{"href":"https:\/\/www.autonocion.com\/motornocion\/wp-json\/wp\/v2\/media?parent=6449"}],"wp:term":[{"taxonomy":"category","embeddable":true,"href":"https:\/\/www.autonocion.com\/motornocion\/wp-json\/wp\/v2\/categories?post=6449"},{"taxonomy":"post_tag","embeddable":true,"href":"https:\/\/www.autonocion.com\/motornocion\/wp-json\/wp\/v2\/tags?post=6449"}],"curies":[{"name":"wp","href":"https:\/\/api.w.org\/{rel}","templated":true}]}}