{"id":6432,"date":"2026-03-10T18:00:16","date_gmt":"2026-03-10T17:00:16","guid":{"rendered":"https:\/\/www.autonocion.com\/motornocion\/?p=6432"},"modified":"2026-03-10T13:51:01","modified_gmt":"2026-03-10T12:51:01","slug":"mercedes-trabaja-f1","status":"publish","type":"post","link":"https:\/\/www.autonocion.com\/motornocion\/mercedes-trabaja-f1\/","title":{"rendered":"Los clientes de Mercedes sospechan: \u00abAs\u00ed no se trabaja en F1\u00bb"},"content":{"rendered":"<p><strong><a href=\"https:\/\/www.autonocion.com\/motornocion\/mercedes-vle\/\">Mercedes<\/a> levanta ampollas y es imposible no sospechar<\/strong>. Hay equipos que llevan meses haci\u00e9ndolo, de hecho. Primero con el famoso truco de relaci\u00f3n de compresi\u00f3n y ahora con <strong>la falta de informaci\u00f3n que env\u00edan a equipos clientes<\/strong>. El mejor motor de la parrilla <strong>oculta datos a Williams y McLaren<\/strong> y estos se han quejado tras observar los dispares rendimientos durante la primera carrera del a\u00f1o. <strong>George <a href=\"https:\/\/www.autonocion.com\/motornocion\/russell-confirma-los-temores-con-mercedes-y-alonso-y-sainz-caen-en-q1\/\">Russell<\/a> y Kimi Antonelli confeccionaron un doblete sin despeinarse<\/strong> en pista. Es verdad que la distancia a los Ferrari no fue grande porque no apretaron. Estaban gestionando todo lo que quer\u00edan.<\/p>\n<p>Alpine, que tambi\u00e9n es cliente de Mercedes, no se ha pronunciado todav\u00eda porque tiene otros problemas entre manos. Sin embargo, el resto de equipos clientes, McLaren y Williams, s\u00ed lo hicieron al terminar la carrera. \u201cLo que Mercedes hace con la unidad de potencia nos ha cogido por sorpresa. En la clasificaci\u00f3n fue donde nos dimos cuenta de lo lejos que estamos en cuanto a ritmo. <strong>Probablemente hay tres d\u00e9cimas de d\u00e9ficit en el motor <i>(con Mercedes)<\/i><\/strong>. No tenemos las puertas abiertas porque hay que encontrar esas prestaciones, as\u00ed que depende de nosotros intentarlo y trabajarlo. Tenemos que reconocer que en Williams no tenemos un nivel tan sofisticado en las tecnolog\u00edas y eso depender\u00e1 de nosotros. <strong>Hay una serie de conocimientos que ellos tienen y nosotros no\u201d<\/strong>, expres\u00f3 el jefe de equipo James Vowles.<\/p>\n<h2>\u00abNos sentimos en desventaja\u00bb<\/h2>\n<p>La prueba fue decepcionante para Williams pues <strong>Alex Albon y Carlos Sainz se fueron sin puntos<\/strong>. No obstante, Andrea <strong>Stella<\/strong>, director de McLaren, s\u00ed que ha alzado la voz contra Mercedes, su suministrador: \u201cSer un cliente no te hace ir por detr\u00e1s, pero esto est\u00e1 relacionado con el aprendizaje del\u00a0<i>hardware<\/i>\u00a0y el hecho de encontrar la mejor manera de explotarlo. Estos factores son esenciales en esta\u00a0F1, la manera de utilizar la energ\u00eda en una recta para tener el m\u00e1ximo de potencia en la siguiente. <strong>As\u00ed no es como funciona la F1. Tengo que decir que, como somos un equipo cliente, esta es la primera vez que sentimos que estamos en desventaja<\/strong>, incluso cuando se trata de nuestra capacidad para predecir c\u00f3mo se comportar\u00e1 el coche y anticipar c\u00f3mo podemos mejorarlo.\u201d<\/p>\n<p>La prueba en Albert Park tambi\u00e9n fue decepcionante para el equipo papaya. Oscar Piastri ni pudo tomar la salida en su carrera de casa pues se estrell\u00f3 en la vuelta de instalaci\u00f3n. <strong>El \u00fanico McLaren en pista, Lando Norris, estuvo carente de ritmo en toda la carrera y nada tuvo que ver con el cohete del a\u00f1o pasado<\/strong>. Se vio muy superado por los Mercedes y los Ferrari y en la escuder\u00eda de Woking sospechan: \u201cLa discusi\u00f3n con HPP sobre tener m\u00e1s informaci\u00f3n ha estado en marcha durante semanas porque <strong>incluso en las pruebas, \u00edbamos bastante a ciegas, corriendo el coche, mirando los datos y pensando: &#8216;Oh, eso es lo que tenemos. Bien, ahora reaccionamos a lo que tenemos.&#8217; La conversaci\u00f3n con Mercedes para obtener m\u00e1s informaci\u00f3n lleva semanas en curso. En la F1, lo que ocurre en la pista se simula,<\/strong>\u00a0sabes lo que est\u00e1 pasando, lo que est\u00e1 programado, sabes c\u00f3mo se va a comportar el coche, as\u00ed que tambi\u00e9n hay planes de c\u00f3mo evolucionar\u00bb, ha concluido Stella.<\/p>\n","protected":false},"excerpt":{"rendered":"<p>Mercedes levanta ampollas y es imposible no sospechar. Hay equipos que llevan meses haci\u00e9ndolo, de hecho. Primero con el famoso &#8230; <\/p>\n<p class=\"read-more-container\"><a title=\"Los clientes de Mercedes sospechan: \u00abAs\u00ed no se trabaja en F1\u00bb\" class=\"read-more button\" href=\"https:\/\/www.autonocion.com\/motornocion\/mercedes-trabaja-f1\/#more-6432\" aria-label=\"Leer m\u00e1s sobre Los clientes de Mercedes sospechan: \u00abAs\u00ed no se trabaja en F1\u00bb\">Read more<\/a><\/p>\n","protected":false},"author":5,"featured_media":6435,"comment_status":"closed","ping_status":"closed","sticky":false,"template":"","format":"standard","meta":{"_acf_changed":false,"footnotes":""},"categories":[5],"tags":[],"class_list":["post-6432","post","type-post","status-publish","format-standard","has-post-thumbnail","hentry","category-f1","resize-featured-image"],"acf":[],"_links":{"self":[{"href":"https:\/\/www.autonocion.com\/motornocion\/wp-json\/wp\/v2\/posts\/6432","targetHints":{"allow":["GET"]}}],"collection":[{"href":"https:\/\/www.autonocion.com\/motornocion\/wp-json\/wp\/v2\/posts"}],"about":[{"href":"https:\/\/www.autonocion.com\/motornocion\/wp-json\/wp\/v2\/types\/post"}],"author":[{"embeddable":true,"href":"https:\/\/www.autonocion.com\/motornocion\/wp-json\/wp\/v2\/users\/5"}],"replies":[{"embeddable":true,"href":"https:\/\/www.autonocion.com\/motornocion\/wp-json\/wp\/v2\/comments?post=6432"}],"version-history":[{"count":6,"href":"https:\/\/www.autonocion.com\/motornocion\/wp-json\/wp\/v2\/posts\/6432\/revisions"}],"predecessor-version":[{"id":6441,"href":"https:\/\/www.autonocion.com\/motornocion\/wp-json\/wp\/v2\/posts\/6432\/revisions\/6441"}],"wp:featuredmedia":[{"embeddable":true,"href":"https:\/\/www.autonocion.com\/motornocion\/wp-json\/wp\/v2\/media\/6435"}],"wp:attachment":[{"href":"https:\/\/www.autonocion.com\/motornocion\/wp-json\/wp\/v2\/media?parent=6432"}],"wp:term":[{"taxonomy":"category","embeddable":true,"href":"https:\/\/www.autonocion.com\/motornocion\/wp-json\/wp\/v2\/categories?post=6432"},{"taxonomy":"post_tag","embeddable":true,"href":"https:\/\/www.autonocion.com\/motornocion\/wp-json\/wp\/v2\/tags?post=6432"}],"curies":[{"name":"wp","href":"https:\/\/api.w.org\/{rel}","templated":true}]}}