{"id":6425,"date":"2026-03-15T10:00:23","date_gmt":"2026-03-15T09:00:23","guid":{"rendered":"https:\/\/www.autonocion.com\/motornocion\/?p=6425"},"modified":"2026-03-13T10:39:39","modified_gmt":"2026-03-13T09:39:39","slug":"china-volkswagen-id-polo-gti","status":"publish","type":"post","link":"https:\/\/www.autonocion.com\/motornocion\/china-volkswagen-id-polo-gti\/","title":{"rendered":"China tiene el\u00e9ctricos baratos, pero no tiene esto: el Volkswagen ID.Polo GTI llega con 226 CV, diferencial autoblocante y 430 km\u2026 y ning\u00fan chino puede copiar esas siglas"},"content":{"rendered":"<p>El mercado chino est\u00e1 revolucionando el mundo de la automoci\u00f3n, ofreciendo veh\u00edculos muy equipados a precios mucho m\u00e1s bajos que la competencia. Esto est\u00e1 provocando que los grandes concesionarios est\u00e9n moviendo ficha para contrarrestar una oferta que les est\u00e1 quitando cuota de mercado. En este sentido, un gigante como <a href=\"https:\/\/www.autonocion.com\/tema\/volkswagen\/\"><strong>Volkswagen<\/strong> <\/a>parece tener muy claro que no va a poner f\u00e1cil un cambio de tendencia, as\u00ed que, cuando nadie lo esperaba, ha renovado uno de sus modelos m\u00e1s hist\u00f3ricos para hacer frente. Hablamos del nuevo <strong>ID. Polo GTI.<\/strong><\/p>\n<p>A\u00fan no ha salido a la venta, pero s\u00ed se ha visto al veh\u00edculo rodar por carreteras nevadas en el norte de Europa, es decir, se est\u00e1n haciendo las pruebas que ultiman su puesta a la venta. Y s\u00ed se ha confirmado que el proyecto est\u00e1 avanzando a un buen ritmo. El Polo es uno de los veh\u00edculos con m\u00e1s historia de la compa\u00f1\u00eda, ya que ha sido un veh\u00edculo que ha demostrado eficiencia, y que ha estado en miles de hogares como primer coche para conductores noveles o como segundo veh\u00edculo en una familia, y siempre con muy buen rendimiento. Es un coche compacto, r\u00e1pido, deportivo que siempre ha sido muy divertido de conducir.\u00a0 Y lo que est\u00e1 por venir es una tendencia continuista, con 226 CV de potencia, una autonom\u00eda de 430 kil\u00f3metros. Un 100% el\u00e9ctrico que planta cara al mercado chino.<\/p>\n<h2>Volkswagen prueba el ID. Polo GTI<\/h2>\n<p>De momento solo se ha visto por Escandinavia, rodar en carreteras nevadas, y la compa\u00f1\u00eda no se ha preocupado de camuflar el modelo, aunque visto lo visto, hay varias variantes del coche, una muy deportiva que podr\u00eda ser una versi\u00f3n nueva del R-Line.<\/p>\n<p>Las pruebas, por tanto, confirman eso, que m\u00e1s all\u00e1 de una versi\u00f3n inicial que ya hab\u00eda sido anunciada, la<strong> versi\u00f3n deportiva est\u00e1 en marcha<\/strong>, tambi\u00e9n muy cerca de salir al mercado, aunque las previsiones siguen apuntando a un lanzamiento posterior al resto de la gama.<\/p>\n<p>El ID. Polo el\u00e9ctrico tendr\u00e1 tres niveles de potencia, de 116 CV, de 135 CV y de 211 CV. Las dos primeras variantes tendr\u00e1n una bater\u00eda LFP de 37 kWh, que ser\u00e1 compatible con carga r\u00e1pida en corriente continua de hasta 90 kW. La versi\u00f3n superior de 211 CV montar\u00e1 una bater\u00eda NCM de 52 kWh con cargas de 130 kW. Se espera que esta sea la base del ID. Polo GTI, aunque la potencia ser\u00e1 de 226 CV, y se espera que la autonom\u00eda est\u00e9 por encima de los 400 kil\u00f3metros en ciclo WLTP.<\/p>\n<p>Esta versi\u00f3n deportiva contar\u00e1 con elementos que le permitan mejorar el comportamiento din\u00e1mico, como el diferencial delantero autoblocante, una pieza que va a resultar clave para gestionar la potencia y ofrece m\u00e1s precisi\u00f3n durante la conducci\u00f3n.<\/p>\n<h2>El Volkswagen ID. Polo el\u00e9ctrico por dentro<\/h2>\n<p>Bajo la <strong>plataforma MEB+<\/strong>, en nuevo <a href=\"https:\/\/www.autonocion.com\/volkswagen-id-polo-baterias-autonomias-dimensiones-potencias-precios\/\"><strong>Polo<\/strong> <\/a>muestra una evoluci\u00f3n de la arquitectura el\u00e9ctrica ya presente en otros modelos de la firma ID. El tama\u00f1o no difiere del Polo de combusti\u00f3n, 4.053 mm de largo, 1.816 mm de ancho y una altura de 1.5 mm, con una distancia entre ejes de 2.600 mm.<\/p>\n<p>El interior est\u00e1 mucho m\u00e1s optimizado, m\u00e1s espacio para los pasajeros, y un maletero m\u00e1s amplio, de 435 litros de capacidad, una capacidad por encima de otros modelos superiores de la marca. Todo ello se consigue gracias a la configuraci\u00f3n mec\u00e1nica, ya que el motor y la tracci\u00f3n est\u00e9n en el je delantero, pudiendo liberar espacio atr\u00e1s.<\/p>\n<h2>Volkswagen y la era el\u00e9ctrica<\/h2>\n<p>La idea del<strong> ID. Polo GTI<\/strong> es poder demostrar que la conducci\u00f3n el\u00e9ctrica tambi\u00e9n puede ser tan divertida como lo eran los modelos de combusti\u00f3n interna tradicional, objetivo de una marca en la que siempre se ha caracterizado por ese esp\u00edritu deportivo que le ha llevado a lo m\u00e1s alto.<\/p>\n<p>Por otro lado, otro de los grandes objetivos de la compa\u00f1\u00eda es plantar cara al mercado chino. En el 2024, los modelos asi\u00e1ticos empezaron a aumentar en ventas, pero nadie esperaba lo que ha sucedido con ellos en 2025, siendo ya una opci\u00f3n que muchos compradores tienen muy en cuenta. Volkswagen sufri\u00f3 un duro golpe en ese primer a\u00f1o, supo remontar el vuelo el a\u00f1o pasado, y parece que ahora tiene claro qu\u00e9 estrategia debe llevar a cabo para poder plantar cara.<\/p>\n<p>De momento, apuesta por la renovaci\u00f3n total de uno de los modelos que m\u00e1s \u00e9xito le ha reportado a lo largo de la historia, el Polo, que llega completamente adaptado a los nuevos tiempos, y adem\u00e1s, ofrece una conducci\u00f3n deportiva que pocos compactos pueden ofrecer a d\u00eda de hoy. No cabe duda de que seguir\u00e1 siendo un \u00e9xito de ventas, solo queda por conocer la fecha de venta de los primeros modelos de la gama, y la posterior venta de la versi\u00f3n GTI, una de las m\u00e1s esperadas del sector.<\/p>\n","protected":false},"excerpt":{"rendered":"<p>El mercado chino est\u00e1 revolucionando el mundo de la automoci\u00f3n, ofreciendo veh\u00edculos muy equipados a precios mucho m\u00e1s bajos que &#8230; <\/p>\n<p class=\"read-more-container\"><a title=\"China tiene el\u00e9ctricos baratos, pero no tiene esto: el Volkswagen ID.Polo GTI llega con 226 CV, diferencial autoblocante y 430 km\u2026 y ning\u00fan chino puede copiar esas siglas\" class=\"read-more button\" href=\"https:\/\/www.autonocion.com\/motornocion\/china-volkswagen-id-polo-gti\/#more-6425\" aria-label=\"Leer m\u00e1s sobre China tiene el\u00e9ctricos baratos, pero no tiene esto: el Volkswagen ID.Polo GTI llega con 226 CV, diferencial autoblocante y 430 km\u2026 y ning\u00fan chino puede copiar esas siglas\">Read more<\/a><\/p>\n","protected":false},"author":6,"featured_media":6707,"comment_status":"closed","ping_status":"closed","sticky":false,"template":"","format":"standard","meta":{"_acf_changed":false,"footnotes":""},"categories":[55],"tags":[],"class_list":["post-6425","post","type-post","status-publish","format-standard","has-post-thumbnail","hentry","category-electricos","resize-featured-image"],"acf":[],"_links":{"self":[{"href":"https:\/\/www.autonocion.com\/motornocion\/wp-json\/wp\/v2\/posts\/6425","targetHints":{"allow":["GET"]}}],"collection":[{"href":"https:\/\/www.autonocion.com\/motornocion\/wp-json\/wp\/v2\/posts"}],"about":[{"href":"https:\/\/www.autonocion.com\/motornocion\/wp-json\/wp\/v2\/types\/post"}],"author":[{"embeddable":true,"href":"https:\/\/www.autonocion.com\/motornocion\/wp-json\/wp\/v2\/users\/6"}],"replies":[{"embeddable":true,"href":"https:\/\/www.autonocion.com\/motornocion\/wp-json\/wp\/v2\/comments?post=6425"}],"version-history":[{"count":4,"href":"https:\/\/www.autonocion.com\/motornocion\/wp-json\/wp\/v2\/posts\/6425\/revisions"}],"predecessor-version":[{"id":6708,"href":"https:\/\/www.autonocion.com\/motornocion\/wp-json\/wp\/v2\/posts\/6425\/revisions\/6708"}],"wp:featuredmedia":[{"embeddable":true,"href":"https:\/\/www.autonocion.com\/motornocion\/wp-json\/wp\/v2\/media\/6707"}],"wp:attachment":[{"href":"https:\/\/www.autonocion.com\/motornocion\/wp-json\/wp\/v2\/media?parent=6425"}],"wp:term":[{"taxonomy":"category","embeddable":true,"href":"https:\/\/www.autonocion.com\/motornocion\/wp-json\/wp\/v2\/categories?post=6425"},{"taxonomy":"post_tag","embeddable":true,"href":"https:\/\/www.autonocion.com\/motornocion\/wp-json\/wp\/v2\/tags?post=6425"}],"curies":[{"name":"wp","href":"https:\/\/api.w.org\/{rel}","templated":true}]}}