{"id":6080,"date":"2026-03-06T15:00:55","date_gmt":"2026-03-06T14:00:55","guid":{"rendered":"https:\/\/www.autonocion.com\/motornocion\/?p=6080"},"modified":"2026-03-11T18:01:26","modified_gmt":"2026-03-11T17:01:26","slug":"oepl-astra-2026-electrico","status":"publish","type":"post","link":"https:\/\/www.autonocion.com\/motornocion\/oepl-astra-2026-electrico\/","title":{"rendered":"Opel Astra en marzo de 2026: as\u00ed es el nuevo compacto con versi\u00f3n 100% el\u00e9ctrica de 454 km, faros Intelli-Lux HD y motores h\u00edbridos, gasolina y di\u00e9sel"},"content":{"rendered":"<p>Los <a href=\"https:\/\/www.autonocion.com\/motornocion\/guia-suv-compacto-2026\/\"><strong>compactos<\/strong> <\/a>el\u00e9ctricos protagonizan una batalla importante en el mundo del autom\u00f3vil, con algunos grandes actores como lo son el <strong>MG4 Electric o el Volkswagen ID.3.<\/strong> Estos y otros muchos modelos han logrado sobrevivir al auge de los SUV, y aunque estos \u00faltimos son los modelos m\u00e1s vendidos en la actualidad, los compactos no han dejado de verse por las carreteras espa\u00f1olas. En este sentido, Opel prepara una nueva ofensiva para este 2026 con su nuevo Astra, con un lavado de cara profundo que entra de lleno en el mundo el\u00e9ctrico con su primer 100%.<\/p>\n<p><a href=\"https:\/\/www.autonocion.com\/opel-mokka-gse-prestaciones-y-detalles\/\"><strong>Opel<\/strong> <\/a>apuesta por una transformaci\u00f3n total que afecta tanto al exterior como al interior, pero tambi\u00e9n lo hace en lo tecnol\u00f3gico, y especialmente en la electrificaci\u00f3n Su primer 100% el\u00e9ctrico ofrece 454 kil\u00f3metros de autonom\u00eda, adem\u00e1s de una iluminaci\u00f3n avanzada con m\u00e1s de 50.000 LED. El Astra quiere volver a ser un referente en los pr\u00f3ximos a\u00f1os. Es importante que Opel sigue apostando por los h\u00edbridos y por la gasolina para completar la gama.<\/p>\n<h2>Nuevo Opel Astra 2026<\/h2>\n<p>El nuevo <a href=\"https:\/\/www.autonocion.com\/opel-astra-phev-196cv\/\"><strong>Astra<\/strong> <\/a>lleva el lenguaje de dise\u00f1o del Opel Vizor, con un frontal de est\u00e9tica m\u00e1s limpia y tecnol\u00f3gica, l\u00edneas que son m\u00e1s precisas y un aspecto de m\u00e1s anchura. Llama mucho la atenci\u00f3n el emblema Blitz iluminado, integrado en la parrilla, frontal, y conectado, lo que le da al compacto una imagen futurista y reconocible.<\/p>\n<p>Los nuevos faros Intelli-Lux HD le dan un toque tecnol\u00f3gico, con m\u00e1s de 50.000 elementos LED adaptativos, que pueden modificar la iluminaci\u00f3n en tiempo real, lo que resulta uno de los grandes saltos tecnol\u00f3gicos de la firma.<\/p>\n<p>Entre sus funciones destacan el ajuste autom\u00e1tico del haz de luz seg\u00fan la velocidad y la direcci\u00f3n, la eliminaci\u00f3n m\u00e1s r\u00e1pida y precisa del deslumbramiento que puedan producir a otros conductores, una iluminaci\u00f3n lateral activa que permite mejorar la visibilidad en las curvas, una adaptaci\u00f3n autom\u00e1tica en condiciones de lluvia o niebla, y la incre\u00edble reducci\u00f3n de reflejos que se puedan producir en se\u00f1ales de tr\u00e1fico.<\/p>\n<h2>El Opel Astra el\u00e9ctrico<\/h2>\n<p>Como venimos diciendo, la gran novedad del <strong>Astra<\/strong> es su salto a una versi\u00f3n 100% el\u00e9ctrica, un refuerzo de Opel por la movilidad con cero emisiones. Para dar el salto, la firma ha elegido una bater\u00eda de 58 kWh, lo que le permite alcanzar los 454 kil\u00f3metros de autonom\u00eda seg\u00fan el ciclo WLTP. Por otra parte, el Astra el\u00e9ctrico tambi\u00e9n llega con tecnolog\u00eda V2L (Vehicle-to-Load) que permite utilizar la energ\u00eda de la bater\u00eda a fin de alimentar dispositivos externos. Vale la pena recordar que el coche ser\u00e1 capaz de transformar o adaptar electricidad para bicicletas el\u00e9ctricas, camping o herramientas, algo que cada vez se \u00a0aprecia m\u00e1s entre los usuarios que buscan m\u00e1s polivalencia.<\/p>\n<p>En cuanto a las dimensiones, se mantiene el car\u00e1cter compacto con 4,37 metros de largo junto a una configuraci\u00f3n interior de cinco plazas, y el maletero sigue siendo un gran punto a favor gracias a su gran amplitud, que puede llegar hasta los 1.339 litros con los asientos abatidos. Estas cifras le permiten poder competir de manera directa con el MG4 o el ID.3, aportando m\u00e1s argumentos, como tecnolog\u00eda avanzada con ingenier\u00eda y producci\u00f3n europea.<\/p>\n<h2>Opel y el confort interior<\/h2>\n<p>Si en algo ha querido conservar el Opel Astra, incluso mejorarlo respecto a ediciones pasadas, en el confort en el interior, que ha sido revisado para mejorar la ergonom\u00eda y la calidad percibida. Llaman la atenci\u00f3n los nuevos asientos Intelli-Seat, que vienen incluidos de serie, que tienen un hueco central que reduce la presi\u00f3n sobre el coxis, lo que va a permitir mejorar el confort, sobre todo cuando se afrontan viajes largos, teniendo en cuenta que la versi\u00f3n el\u00e9ctrica puede recorrer m\u00e1s de 400 kil\u00f3metros.<\/p>\n<p>Hay niveles superiores que mejoran la comodidad, que permiten equipar los asientos con certificados AGR y que vienen con muchos ajustes el\u00e9ctricos, soporte lumbar avanzado y funciones como calefacci\u00f3n o masaje al conductor.<\/p>\n<p>El ReNewKnit es la gran novedad en cuanto a materiales y tapicer\u00edas, un tejido reciclable en sinton\u00eda con la sostenibilidad de la marca.<\/p>\n<p>Por otro lado, la gama mec\u00e1nica seguir\u00e1 siendo de las m\u00e1s completas en este segmento a pesar del Astra el\u00e9ctrico, que alimentar\u00e1 opciones HEV, pero tambi\u00e9n conservar\u00e1 motores el\u00e9ctricos tradicionales, de gasolina y di\u00e9sel.<\/p>\n<p>Uno de los ejemplos es la versi\u00f3n <a href=\"https:\/\/www.autonocion.com\/motornocion\/renault-captur-eco-g-120\/\"><strong>di\u00e9sel<\/strong> <\/a>de 130 CV, con caja autom\u00e1tica de ocho velocidades y consumos que rondan los 4,8 l\/ 100 km. Gracias a un dep\u00f3sito de 52 litros, esta variante puede llegar a los 1.100 km de autonom\u00eda, un dato dif\u00edcilmente superable por muchos rivales.<\/p>\n<p><strong>Opel Asta<\/strong> vuelve al mercado, y lo hace con mucha fuerza, con una versi\u00f3n 100% el\u00e9ctrica y versiones h\u00edbridas y de gasolina para cubrir cuales sean las necesidades de los clientes. Una modernizaci\u00f3n de un veh\u00edculo que quiere plantar cara a su competencia, y lo hace con argumentos de sobra para poder convencer.<\/p>\n","protected":false},"excerpt":{"rendered":"<p>Los compactos el\u00e9ctricos protagonizan una batalla importante en el mundo del autom\u00f3vil, con algunos grandes actores como lo son el &#8230; <\/p>\n<p class=\"read-more-container\"><a title=\"Opel Astra en marzo de 2026: as\u00ed es el nuevo compacto con versi\u00f3n 100% el\u00e9ctrica de 454 km, faros Intelli-Lux HD y motores h\u00edbridos, gasolina y di\u00e9sel\" class=\"read-more button\" href=\"https:\/\/www.autonocion.com\/motornocion\/oepl-astra-2026-electrico\/#more-6080\" aria-label=\"Leer m\u00e1s sobre Opel Astra en marzo de 2026: as\u00ed es el nuevo compacto con versi\u00f3n 100% el\u00e9ctrica de 454 km, faros Intelli-Lux HD y motores h\u00edbridos, gasolina y di\u00e9sel\">Read more<\/a><\/p>\n","protected":false},"author":6,"featured_media":6119,"comment_status":"closed","ping_status":"closed","sticky":false,"template":"","format":"standard","meta":{"_acf_changed":false,"footnotes":""},"categories":[55],"tags":[],"class_list":["post-6080","post","type-post","status-publish","format-standard","has-post-thumbnail","hentry","category-electricos","resize-featured-image"],"acf":[],"_links":{"self":[{"href":"https:\/\/www.autonocion.com\/motornocion\/wp-json\/wp\/v2\/posts\/6080","targetHints":{"allow":["GET"]}}],"collection":[{"href":"https:\/\/www.autonocion.com\/motornocion\/wp-json\/wp\/v2\/posts"}],"about":[{"href":"https:\/\/www.autonocion.com\/motornocion\/wp-json\/wp\/v2\/types\/post"}],"author":[{"embeddable":true,"href":"https:\/\/www.autonocion.com\/motornocion\/wp-json\/wp\/v2\/users\/6"}],"replies":[{"embeddable":true,"href":"https:\/\/www.autonocion.com\/motornocion\/wp-json\/wp\/v2\/comments?post=6080"}],"version-history":[{"count":5,"href":"https:\/\/www.autonocion.com\/motornocion\/wp-json\/wp\/v2\/posts\/6080\/revisions"}],"predecessor-version":[{"id":6554,"href":"https:\/\/www.autonocion.com\/motornocion\/wp-json\/wp\/v2\/posts\/6080\/revisions\/6554"}],"wp:featuredmedia":[{"embeddable":true,"href":"https:\/\/www.autonocion.com\/motornocion\/wp-json\/wp\/v2\/media\/6119"}],"wp:attachment":[{"href":"https:\/\/www.autonocion.com\/motornocion\/wp-json\/wp\/v2\/media?parent=6080"}],"wp:term":[{"taxonomy":"category","embeddable":true,"href":"https:\/\/www.autonocion.com\/motornocion\/wp-json\/wp\/v2\/categories?post=6080"},{"taxonomy":"post_tag","embeddable":true,"href":"https:\/\/www.autonocion.com\/motornocion\/wp-json\/wp\/v2\/tags?post=6080"}],"curies":[{"name":"wp","href":"https:\/\/api.w.org\/{rel}","templated":true}]}}