{"id":5862,"date":"2026-03-04T10:00:12","date_gmt":"2026-03-04T09:00:12","guid":{"rendered":"https:\/\/www.autonocion.com\/motornocion\/?p=5862"},"modified":"2026-03-04T08:23:14","modified_gmt":"2026-03-04T07:23:14","slug":"el-wec-ensena-el-camino-a-la-formula-1-imola-portimao-y-estambul-calientan","status":"publish","type":"post","link":"https:\/\/www.autonocion.com\/motornocion\/el-wec-ensena-el-camino-a-la-formula-1-imola-portimao-y-estambul-calientan\/","title":{"rendered":"El WEC ense\u00f1a el camino a la F\u00f3rmula 1: Imola, Portimao y Estambul calientan"},"content":{"rendered":"<p><span style=\"font-size: inherit; font-family: -apple-system, system-ui, BlinkMacSystemFont, 'Segoe UI', Helvetica, Arial, sans-serif, 'Apple Color Emoji', 'Segoe UI Emoji', 'Segoe UI Symbol';\"><strong>Las consecuencias del conflicto entre Estados Unidos, Israel e Ir\u00e1n<\/strong> parecen no tener fin. Adem\u00e1s de las vidas, el dolor y el sufrimiento que est\u00e1 causando, <strong>la F\u00f3rmula 1<\/strong>, que queda en un segundo plano con una situaci\u00f3n as\u00ed,<strong> tambi\u00e9n ha sido afectada<\/strong>. La log\u00edstica para viajar a Australia sin poder pasar por Doha se ha complicado much\u00edsimo para gran parte del personal del paddock. Ahora, por culpa del conflicto internacional, <strong>dos carreras podr\u00edan cancelarse: el Gran Premio de Bar\u00e9in y el de Arabia Saud\u00ed.<\/strong><\/span><\/p>\n<p>Tras Australia, China y Jap\u00f3n, la F\u00f3rmula 1 se desplazar\u00eda a Oriente Medio. Ahora, como m\u00ednimo, <strong>emergen dudas alrededor de dos carreras que tendr\u00edan lugar dentro de un mes y una semana y un mes y medio<\/strong> respectivamente. <strong>El WEC<\/strong>, que iba a abrir su calendario dentro de tres semanas en Catar, <strong>ha cancelado esta prueba por motivos de seguridad.<\/strong> Su comunicado en la tarde del ayer martes podr\u00eda ser un anticipo de lo que le ocurra al calendario de la F\u00f3rmula 1:<\/p>\n<p><em><span style=\"font-size: inherit; font-family: -apple-system, system-ui, BlinkMacSystemFont, 'Segoe UI', Helvetica, Arial, sans-serif, 'Apple Color Emoji', 'Segoe UI Emoji', 'Segoe UI Symbol';\">Los 1812 km de Catar \u2014que originalmente estaban programados para abrir la temporada 2026 del Campeonato Mundial de Resistencia de la FIA del 26 al 28 de marzo\u2014 han sido oficialmente pospuestos para m\u00e1s adelante en el a\u00f1o. La direcci\u00f3n del FIA WEC ha estado en di\u00e1logo constante con la Federaci\u00f3n de Automovilismo y Motociclismo de Catar (QMMF) a la luz de la actual y cambiante situaci\u00f3n geopol\u00edtica en Oriente Medio. Con la seguridad de competidores, personal y aficionados como m\u00e1xima prioridad, se ha tomado la decisi\u00f3n de aplazar el evento previsto para el 26-28 de marzo. Tras nuevas conversaciones con nuestros colegas del Circuito Internacional de Lusail (LIC), donde se disputa la carrera, se definir\u00e1 y comunicar\u00e1 oportunamente una nueva fecha para los 1812 km de Catar durante la segunda mitad de la temporada. En consecuencia, la primera ronda del campeonato ser\u00e1 ahora las 6 Horas de Imola, en la regi\u00f3n de Emilia-Roma\u00f1a, Italia, del 17 al 19 de abril.<\/span><\/em><\/p>\n<h2>Imola por Bar\u00e9in y Portimao por Yeda<\/h2>\n<p><strong>No habr\u00e1 carreras de WEC en Catar, pero s\u00ed en Imola. Una situaci\u00f3n similar a la del Gran Circo<\/strong>, <strong>con el circuito italiano asom\u00e1ndose.<\/strong> Si se cancelan las pruebas en Bar\u00e9in y Arabia, \u00bfqu\u00e9 ocurrir\u00eda? La prioridad de la F\u00f3rmula 1 es celebrar Grandes Premios y no dejar un calendario hu\u00e9rfano con 22 citas en vez de las 24 que desea. Como Imola, que acaba de ser defenestrada del calendario, <strong>solo podr\u00eda entrar en acci\u00f3n por la carrera de Bar\u00e9in<\/strong> pues el fin de semana de Yeda debe acoger el WEC.<\/p>\n<p>Seg\u00fan ha podido saber este medio, <strong>el circuito est\u00e1 m\u00e1s que preparado para recibir a la F\u00f3rmula 1<\/strong> ma\u00f1ana mismo pero la F\u00f3rmula 1 decide y el tiempo corre en su contra. Primero tendr\u00e1 que cancelar las carreras en Oriente Medio.<strong> El segundo destino que emerge con m\u00e1s fuerza es Portimao, que volver\u00e1 al calendario el a\u00f1o que viene. Estambul, con su m\u00edtico Istanbul Park, tambi\u00e9n se asoma<\/strong>. Por tanto, el Gran Circo podr\u00eda aterrizar en Europa antes de lo esperado, antes de M\u00f3naco a principios de junio.<\/p>\n<p>Mohammed <strong>Ben Sulayem<\/strong>, presidente de la Federaci\u00f3n Internacional de Automovilismo (FIA), ha justificado la decisi\u00f3n de posponer la cita de Catar en el WEC y ha avisado de que <strong>siguen de cerca la evoluci\u00f3n del conflicto<\/strong> b\u00e9lico para tomar decisiones: \u201cComo el evento de apertura del Campeonato Mundial de Resistencia de la FIA, los 1812 km de Qatar ocupan un lugar especial para muchos aficionados, pilotos y equipos por igual, trabajaremos estrechamente con todos los involucrados para reprogramar la carrera m\u00e1s adelante en la temporada 2026. <strong>La FIA contin\u00faa monitorizando los desarrollos en toda la regi\u00f3n<\/strong> y nuestros pensamientos permanecen con todos los afectados por estos eventos recientes mientras esperamos calma, seguridad y un retorno a la estabilidad\u00bb.<\/p>\n","protected":false},"excerpt":{"rendered":"<p>Las consecuencias del conflicto entre Estados Unidos, Israel e Ir\u00e1n parecen no tener fin. Adem\u00e1s de las vidas, el dolor &#8230; <\/p>\n<p class=\"read-more-container\"><a title=\"El WEC ense\u00f1a el camino a la F\u00f3rmula 1: Imola, Portimao y Estambul calientan\" class=\"read-more button\" href=\"https:\/\/www.autonocion.com\/motornocion\/el-wec-ensena-el-camino-a-la-formula-1-imola-portimao-y-estambul-calientan\/#more-5862\" aria-label=\"Leer m\u00e1s sobre El WEC ense\u00f1a el camino a la F\u00f3rmula 1: Imola, Portimao y Estambul calientan\">Read more<\/a><\/p>\n","protected":false},"author":5,"featured_media":5863,"comment_status":"closed","ping_status":"closed","sticky":false,"template":"","format":"standard","meta":{"_acf_changed":false,"footnotes":""},"categories":[5],"tags":[],"class_list":["post-5862","post","type-post","status-publish","format-standard","has-post-thumbnail","hentry","category-f1","resize-featured-image"],"acf":[],"_links":{"self":[{"href":"https:\/\/www.autonocion.com\/motornocion\/wp-json\/wp\/v2\/posts\/5862","targetHints":{"allow":["GET"]}}],"collection":[{"href":"https:\/\/www.autonocion.com\/motornocion\/wp-json\/wp\/v2\/posts"}],"about":[{"href":"https:\/\/www.autonocion.com\/motornocion\/wp-json\/wp\/v2\/types\/post"}],"author":[{"embeddable":true,"href":"https:\/\/www.autonocion.com\/motornocion\/wp-json\/wp\/v2\/users\/5"}],"replies":[{"embeddable":true,"href":"https:\/\/www.autonocion.com\/motornocion\/wp-json\/wp\/v2\/comments?post=5862"}],"version-history":[{"count":4,"href":"https:\/\/www.autonocion.com\/motornocion\/wp-json\/wp\/v2\/posts\/5862\/revisions"}],"predecessor-version":[{"id":5873,"href":"https:\/\/www.autonocion.com\/motornocion\/wp-json\/wp\/v2\/posts\/5862\/revisions\/5873"}],"wp:featuredmedia":[{"embeddable":true,"href":"https:\/\/www.autonocion.com\/motornocion\/wp-json\/wp\/v2\/media\/5863"}],"wp:attachment":[{"href":"https:\/\/www.autonocion.com\/motornocion\/wp-json\/wp\/v2\/media?parent=5862"}],"wp:term":[{"taxonomy":"category","embeddable":true,"href":"https:\/\/www.autonocion.com\/motornocion\/wp-json\/wp\/v2\/categories?post=5862"},{"taxonomy":"post_tag","embeddable":true,"href":"https:\/\/www.autonocion.com\/motornocion\/wp-json\/wp\/v2\/tags?post=5862"}],"curies":[{"name":"wp","href":"https:\/\/api.w.org\/{rel}","templated":true}]}}