{"id":5797,"date":"2026-03-03T13:00:53","date_gmt":"2026-03-03T12:00:53","guid":{"rendered":"https:\/\/www.autonocion.com\/motornocion\/?p=5797"},"modified":"2026-03-10T14:33:58","modified_gmt":"2026-03-10T13:33:58","slug":"byd-seal-07-ev-berlina","status":"publish","type":"post","link":"https:\/\/www.autonocion.com\/motornocion\/byd-seal-07-ev-berlina\/","title":{"rendered":"BYD Seal 07 EV: la berlina el\u00e9ctrica china de casi 5 metros con 322 CV, hasta 705 km de autonom\u00eda y tecnolog\u00eda LiDAR que desaf\u00eda a los SUV"},"content":{"rendered":"<p>En los \u00faltimos diez a\u00f1os el mundo del <strong>autom\u00f3vil<\/strong>, no solo est\u00e1 cambiando en cuanto a la electrificaci\u00f3n se refiere, tambi\u00e9n lo hace en el tipo de veh\u00edculos que se vende. En esta \u00faltima d\u00e9cada, las berlinas han dejado de copar el mercado, ahora dominado, y en constante crecimiento, por los <a href=\"https:\/\/www.autonocion.com\/motornocion\/suv-chinos-volkswagen-t-roc\/\"><strong>SUV<\/strong><\/a>. Sin embargo, la \u00faltima tendencia indica que algunos fabricantes van a volver a apostar por las grandes berlinas, y son varios argumentos los que hacen prever que este tipo de veh\u00edculo recupere cuota de mercado, entre otras cosas, en rendimiento y el bajo consumo que proporciona la aerodin\u00e1mica de estos veh\u00edculos. En este sentido, BYD, el gigante chino que ha ido creciendo en los \u00faltimos a\u00f1os, lanza su apuesta con el <strong>Seal 07 EV<\/strong>, una <strong>berlina<\/strong> 100% el\u00e9ctrica que mide cerca de cinco metros, ofrece 322 CV y una autonom\u00eda de 705 kil\u00f3metros, muy elevada y a tener en cuenta.<\/p>\n<p>Con el mercado de los <strong>SUV<\/strong> saturados, <a href=\"https:\/\/www.autonocion.com\/motornocion\/byd-toyota-mas-vendido\/\"><strong>BYD<\/strong> <\/a>sorprende con una propuesta dirigida para quienes siguen viendo este tipo de veh\u00edculos como m\u00e1s completos, eficientes y confortables, que, adem\u00e1s, ofrecen una sensaci\u00f3n de conducci\u00f3n superior dada la poca altura. Este modelo ofrece elegancia a un precio que deja a la competencia por los suelos.<\/p>\n<h2>La berlina BYD Seal 07 EV<\/h2>\n<p>Si bien, las berlinas tradicionales han quedado en segundo plano en los \u00faltimos a\u00f1os, muchos conductores siguen priorizando este tipo de veh\u00edculos gracias al comportamiento din\u00e1mico, la estabilidad que ofrece en carretera y gracias a un consumo por debajo de lo que ofrecen los <strong>SUV<\/strong>. Es aqu\u00ed donde el <strong>BYD Seal 07 EV<\/strong> est\u00e1 empujando.<\/p>\n<p>Asentado sobre la plataforma<strong> e-Platform 3.0 Evo<\/strong> del fabricante chino, una arquitectura creada para los coches el\u00e9ctricos que optimiza las bater\u00edas junto a los motores y sistemas el\u00e9ctricas, la nueva <strong>berlina<\/strong> de BYD de gran longitud, 4,99 metros, 1,9 de ancho y 1,49 de alto. A primera vista, mantiene una l\u00ednea similar a la de otros modelos de la marca, un frontal cerrado, y unos grupos \u00f3pticos afilados que suponen un refuerzo al car\u00e1cter tecnol\u00f3gico que ofrece la marca.<\/p>\n<p>Desde el costado, vemos como el techo cae progresivamente, de tal forma que mejora considerablemente la aerodin\u00e1mica y le da un toque deportivo sin tener que renunciar al espacio en su interior.<\/p>\n<h2>Tecnolog\u00eda y eficiencia<\/h2>\n<p>Lo que le hace \u00fanico a este coche es su mec\u00e1nica: monta un motor el\u00e9ctrico trasero de 240 KW, lo equivalente a 322 CV, de sobra para mover las casi 2 toneladas de peso (1.940 kilogramos). La energ\u00eda viene dada de una bater\u00eda Blade de 69,07 kWh, tecnolog\u00eda propia de <strong>BYD<\/strong>. Tiene un consumo homologado de 705 kil\u00f3metros, lo que se traduce en una cifra real en torno a los 600-620 kil\u00f3metros. Estas cifras sit\u00faan al <strong>BYD Seal 07 EV<\/strong> en una de las <strong>berlinas<\/strong> el\u00e9ctricas m\u00e1s eficientes del mercado europeo en su categor\u00eda. Esto es un detalle clave, ya que el freno de millones de personas en toda Europa para la transici\u00f3n al coche el\u00e9ctrico es precisamente la autonom\u00eda.<\/p>\n<p>Dentro del veh\u00edculo, la tecnolog\u00eda, apuesta de la marca, est\u00e1 m\u00e1s que presente, con un volante multifunci\u00f3n, cuadro digital integrado y una pantalla central flotante de 15,6 pulgadas donde se puede gestionar la mayor\u00eda de funciones del autom\u00f3vil. BYD no se olvida de los botones f\u00edsicos, muy demandados por comodidad y seguridad al volante.<\/p>\n<h2>BYD Seal 07 EV con LiDAR<\/h2>\n<p>El nuevo<strong> BYD Seal 07 EV<\/strong> ofrece una novedad en la marca, el censo <strong>LiDAR<\/strong>, que est\u00e1 situado en el techo y que apunta a la integraci\u00f3n de sistemas avanzados de asistencia a la conducci\u00f3n. A\u00fan no se ha confirmado, pero todo hace indicar que ofrecer\u00e1 la \u00faltima actualizaci\u00f3n, la cual ofrece navegaci\u00f3n asistida en autopista, mejoras en la conducci\u00f3n por la ciudad y una seguir\u00e1 activa m\u00e1s amplia. <strong>LiDAR<\/strong> permite una lectura tridimensional m\u00e1s precisa, lo que supone una gran ayuda en condiciones complejas de tr\u00e1fico o con baja visibilidad.<\/p>\n<p>La tecnolog\u00eda que ofrece la <strong>berlina<\/strong> de BYD le sit\u00faan un escal\u00f3n por encima de la competencia en este aspecto, incluso ante marcas premium m\u00e1s consolidadas en el mercado europeo. Lo hace con una combinaci\u00f3n de potencia, autonom\u00eda y sistemas de asistencia dentro de un solo paquete.<\/p>\n<p>Lo que todav\u00eda no se conoce es cu\u00e1l ser\u00e1 su precio en Europa ni Espa\u00f1a, pero s\u00ed apunta a que, como ha sucedido con otros modelos de la compa\u00f1\u00eda, dado lo que ofrece y al precio que lo hace, podr\u00edamos estar hablando de un \u00e9xito de ventas.<\/p>\n<p><strong>BYD<\/strong> ya ha conquistado los unitarios, ya ha conquistado los SUV, y ahora se lanza a por las <a href=\"https:\/\/www.autonocion.com\/motornocion\/berlinas-2026\/\"><strong>berlinas<\/strong><\/a>. La marca china no especula, va con todo, es capaz de ofrecer lo mismo, o m\u00e1s que las marcas m\u00e1s consolidadas, las marcas premium, por muy poco dinero. En este caso <strong>BYD Seal<\/strong> 07 EV viene equipado con una tecnolog\u00eda a la \u00faltima, con un consumo que le sit\u00faan como uno de los veh\u00edculos m\u00e1s eficientes, y a falta de conocerlo, a bien seguro por un precio m\u00e1s que competitivo respecto a la competencia.<\/p>\n","protected":false},"excerpt":{"rendered":"<p>En los \u00faltimos diez a\u00f1os el mundo del autom\u00f3vil, no solo est\u00e1 cambiando en cuanto a la electrificaci\u00f3n se refiere, &#8230; <\/p>\n<p class=\"read-more-container\"><a title=\"BYD Seal 07 EV: la berlina el\u00e9ctrica china de casi 5 metros con 322 CV, hasta 705 km de autonom\u00eda y tecnolog\u00eda LiDAR que desaf\u00eda a los SUV\" class=\"read-more button\" href=\"https:\/\/www.autonocion.com\/motornocion\/byd-seal-07-ev-berlina\/#more-5797\" aria-label=\"Leer m\u00e1s sobre BYD Seal 07 EV: la berlina el\u00e9ctrica china de casi 5 metros con 322 CV, hasta 705 km de autonom\u00eda y tecnolog\u00eda LiDAR que desaf\u00eda a los SUV\">Read more<\/a><\/p>\n","protected":false},"author":6,"featured_media":5798,"comment_status":"closed","ping_status":"closed","sticky":false,"template":"","format":"standard","meta":{"_acf_changed":false,"footnotes":""},"categories":[55],"tags":[],"class_list":["post-5797","post","type-post","status-publish","format-standard","has-post-thumbnail","hentry","category-electricos","resize-featured-image"],"acf":[],"_links":{"self":[{"href":"https:\/\/www.autonocion.com\/motornocion\/wp-json\/wp\/v2\/posts\/5797","targetHints":{"allow":["GET"]}}],"collection":[{"href":"https:\/\/www.autonocion.com\/motornocion\/wp-json\/wp\/v2\/posts"}],"about":[{"href":"https:\/\/www.autonocion.com\/motornocion\/wp-json\/wp\/v2\/types\/post"}],"author":[{"embeddable":true,"href":"https:\/\/www.autonocion.com\/motornocion\/wp-json\/wp\/v2\/users\/6"}],"replies":[{"embeddable":true,"href":"https:\/\/www.autonocion.com\/motornocion\/wp-json\/wp\/v2\/comments?post=5797"}],"version-history":[{"count":3,"href":"https:\/\/www.autonocion.com\/motornocion\/wp-json\/wp\/v2\/posts\/5797\/revisions"}],"predecessor-version":[{"id":6463,"href":"https:\/\/www.autonocion.com\/motornocion\/wp-json\/wp\/v2\/posts\/5797\/revisions\/6463"}],"wp:featuredmedia":[{"embeddable":true,"href":"https:\/\/www.autonocion.com\/motornocion\/wp-json\/wp\/v2\/media\/5798"}],"wp:attachment":[{"href":"https:\/\/www.autonocion.com\/motornocion\/wp-json\/wp\/v2\/media?parent=5797"}],"wp:term":[{"taxonomy":"category","embeddable":true,"href":"https:\/\/www.autonocion.com\/motornocion\/wp-json\/wp\/v2\/categories?post=5797"},{"taxonomy":"post_tag","embeddable":true,"href":"https:\/\/www.autonocion.com\/motornocion\/wp-json\/wp\/v2\/tags?post=5797"}],"curies":[{"name":"wp","href":"https:\/\/api.w.org\/{rel}","templated":true}]}}