{"id":3468,"date":"2026-01-26T15:00:51","date_gmt":"2026-01-26T14:00:51","guid":{"rendered":"https:\/\/www.autonocion.com\/motornocion\/?p=3468"},"modified":"2026-02-02T11:13:42","modified_gmt":"2026-02-02T10:13:42","slug":"bmw-record-ventas-x1","status":"publish","type":"post","link":"https:\/\/www.autonocion.com\/motornocion\/bmw-record-ventas-x1\/","title":{"rendered":"BMW X1: aumentan sus cifras de ventas en Espa\u00f1a y la marca presume de r\u00e9cord con sus coches el\u00e9ctricos"},"content":{"rendered":"<p><a href=\"https:\/\/www.autonocion.com\/bmw-alpina-marca-exclusiva-bmw-group-2026\/\"><strong>BMW<\/strong><\/a> vuelve a sacar m\u00fasculo en Espa\u00f1a, y lo hace en un contexto de gran importancia, porque el mundo de la automoci\u00f3n est\u00e1 girando en todo el mundo, siendo la electrificaci\u00f3n la nueva tendencia que a\u00fan tiene mucho camino por recorrer. El 2025 ha sido uno de los mejores de la historia del gigante alem\u00e1n en nuestro pa\u00eds, no solo consolando un crecimiento importante, tambi\u00e9n colocando uno de sus modelos en el top de venta. <strong>BMW<\/strong> ha logrado que su <strong>X1<\/strong> el\u00e9ctrico sea de los favoritos para todos.<\/p>\n<p>En total, se han vendido en suelo espa\u00f1ol <strong>68.889 unidades<\/strong> entre todos sus modelos, lo que supone un aumento de ventas del <strong>4,2%<\/strong> respecto al <strong>2024<\/strong>. Los SUV compactos son una tendencia en el pa\u00eds, y la gama m\u00e1s asequible de BMV en este tipo de veh\u00edculos, ha convencido a la mayor\u00eda de compradores.<\/p>\n<h2>BMW hace historia<\/h2>\n<p>Si hablamos de matriculaciones, la marca alemana ha registrado 45.867, lo que supone el mejor dato de toda su historia en nuestro pa\u00eds, y eso es mucho decir. Ya est\u00e1 entre las diez marcas m\u00e1s demandas en territorio espa\u00f1ol, gracias al aumento del 1,4%.<\/p>\n<p><strong>Manuel Terroba<\/strong>, presidente ejecutivo de <strong>BMW Group Espa\u00f1a y Portugal<\/strong>, habla del \u00e9xito de la estrategia llevada a cabo por el grupo, marcada por la sostenibilidad y la solidez. La marca tiene varios frentes abiertos para el futuro, no se descarta el hidr\u00f3geno, pero sabe que ahora toca apostar, y fuerte, por los veh\u00edculos <a href=\"https:\/\/www.autonocion.com\/motornocion\/wolkswagen-electrico-tesla\/\"><strong>el\u00e9ctricos<\/strong><\/a>, y supone un pilar fundamental en la organizaci\u00f3n. Aunque las opciones de combusti\u00f3n interna siguen teniendo se mercado, sobre todo en su gama m\u00e1s alta, el 83% de los veh\u00edculos que BMW ha vendido, llevan la etiqueta ECO o Cero de la DGT, lo que da buena cuenta de esta nueva tendencia.<\/p>\n<p>Si nos centramos en los veh\u00edculos 100% el\u00e9ctricos, es donde BMW marca la diferencia respecto a sus competidores. Su marca ha vendido m\u00e1s coches que nadie en este segmento, 4.675 unidades, pero en cuanto a <a href=\"https:\/\/www.autonocion.com\/motornocion\/dgt-restringir-coches-electricos-e-hibridos-enchufables\/\"><strong>h\u00edbridos<\/strong> <\/a>enchufables, sin liderar el ranking, ha logrado vender 6.024 coches, r\u00e9cord hist\u00f3rico. Tampoco hay que perder de vista la realidad. La buena estrategia ha sido clave, pero la tendencia hacia el nuevo mercado tambi\u00e9n ayuda a batir r\u00e9cords en este tipo de ventas, el mercado crece y las grandes marcas se benefician.<\/p>\n<h2>El BMW X1 lidera las ventas.<\/h2>\n<p>Dentro de la gama de veh\u00edculos de <strong>BMW<\/strong>, de los <strong>SUV<\/strong>, el <strong>X1<\/strong> es uno de los veh\u00edculos m\u00e1s asequibles para el p\u00fablico en general, y eso explica que sea el m\u00e1s vendido de la marca. En total, han logrado colocar la cifra de ventas en 14.219. Dentro del mercado de autom\u00f3viles, y dado el prestigio de BMW<strong>,<\/strong> la marca ha sabido identificar el potencial y ha lazando ofertas diferentes para las demandas de los clientes. La gama X es la m\u00e1s vendida de la marca, supone el 71% de su flota, pero no es la \u00fanica que est\u00e1 creciendo. La gama M tambi\u00e9n ha experimentado un gran aumento de ventas, llegando a las 2.384 unidades, lo que supone una subida del 3,4%.<\/p>\n<h2>MINI crece en el Grupo BMW<\/h2>\n<p>El <a href=\"https:\/\/www.autonocion.com\/mini-cooper-electrico-precio-rebaja\/\"><strong>MINI<\/strong> <\/a>sigue siendo un coche que gusta mucho entre los consumidores espa\u00f1oles, y el Grupo <strong>BMW<\/strong> ha sabido adaptarse a la demanda del nuevo consumidor para ofrecerle este modelo tan cl\u00e1sico con las mejores prestaciones posibles. Han logrado crecer en ventas un 19,6%, lo que supone un total de 9.340 unidades vendidas.<\/p>\n<p>Todos estos datos se\u00f1alan el buen momento que vive BMW en Espa\u00f1a. Crecen por todos lados, evidenciando la gran adaptaci\u00f3n a las nuevas tendencias. Por el momento, el X1 es el buque insignia en nuestro pa\u00eds, pero la tendencia general de la marca es la de un grupo que sabe darle al consumidor lo que quiere, y as\u00ed lo est\u00e1 demostrando.<\/p>\n","protected":false},"excerpt":{"rendered":"<p>BMW vuelve a sacar m\u00fasculo en Espa\u00f1a, y lo hace en un contexto de gran importancia, porque el mundo de &#8230; <\/p>\n<p class=\"read-more-container\"><a title=\"BMW X1: aumentan sus cifras de ventas en Espa\u00f1a y la marca presume de r\u00e9cord con sus coches el\u00e9ctricos\" class=\"read-more button\" href=\"https:\/\/www.autonocion.com\/motornocion\/bmw-record-ventas-x1\/#more-3468\" aria-label=\"Leer m\u00e1s sobre BMW X1: aumentan sus cifras de ventas en Espa\u00f1a y la marca presume de r\u00e9cord con sus coches el\u00e9ctricos\">Read more<\/a><\/p>\n","protected":false},"author":6,"featured_media":3469,"comment_status":"closed","ping_status":"closed","sticky":false,"template":"","format":"standard","meta":{"_acf_changed":false,"footnotes":""},"categories":[4],"tags":[],"class_list":["post-3468","post","type-post","status-publish","format-standard","has-post-thumbnail","hentry","category-actualidad","resize-featured-image"],"acf":[],"_links":{"self":[{"href":"https:\/\/www.autonocion.com\/motornocion\/wp-json\/wp\/v2\/posts\/3468","targetHints":{"allow":["GET"]}}],"collection":[{"href":"https:\/\/www.autonocion.com\/motornocion\/wp-json\/wp\/v2\/posts"}],"about":[{"href":"https:\/\/www.autonocion.com\/motornocion\/wp-json\/wp\/v2\/types\/post"}],"author":[{"embeddable":true,"href":"https:\/\/www.autonocion.com\/motornocion\/wp-json\/wp\/v2\/users\/6"}],"replies":[{"embeddable":true,"href":"https:\/\/www.autonocion.com\/motornocion\/wp-json\/wp\/v2\/comments?post=3468"}],"version-history":[{"count":3,"href":"https:\/\/www.autonocion.com\/motornocion\/wp-json\/wp\/v2\/posts\/3468\/revisions"}],"predecessor-version":[{"id":3908,"href":"https:\/\/www.autonocion.com\/motornocion\/wp-json\/wp\/v2\/posts\/3468\/revisions\/3908"}],"wp:featuredmedia":[{"embeddable":true,"href":"https:\/\/www.autonocion.com\/motornocion\/wp-json\/wp\/v2\/media\/3469"}],"wp:attachment":[{"href":"https:\/\/www.autonocion.com\/motornocion\/wp-json\/wp\/v2\/media?parent=3468"}],"wp:term":[{"taxonomy":"category","embeddable":true,"href":"https:\/\/www.autonocion.com\/motornocion\/wp-json\/wp\/v2\/categories?post=3468"},{"taxonomy":"post_tag","embeddable":true,"href":"https:\/\/www.autonocion.com\/motornocion\/wp-json\/wp\/v2\/tags?post=3468"}],"curies":[{"name":"wp","href":"https:\/\/api.w.org\/{rel}","templated":true}]}}