{"id":3346,"date":"2026-01-23T13:00:46","date_gmt":"2026-01-23T12:00:46","guid":{"rendered":"https:\/\/www.autonocion.com\/motornocion\/?p=3346"},"modified":"2026-02-02T11:04:02","modified_gmt":"2026-02-02T10:04:02","slug":"dgt-restringir-coches-electricos-e-hibridos-enchufables","status":"publish","type":"post","link":"https:\/\/www.autonocion.com\/motornocion\/dgt-restringir-coches-electricos-e-hibridos-enchufables\/","title":{"rendered":"La DGT restringe el uso de coches el\u00e9ctricos e h\u00edbridos enchufables en el carril VAO de la A6 en Madrid"},"content":{"rendered":"<p>Los <strong>coches el\u00e9ctricos<\/strong> e <strong>h\u00edbridos<\/strong> comienzan a perder las ventajas que hab\u00edan ido adquiriendo desde su llegada al mercado. Para impulsar sus ventas, se opt\u00f3 para una serie de beneficios, la mayor\u00eda de ellos sobre la circulaci\u00f3n libre por zonas de bajas emisiones o la gratuidad de aparcar en zonas de aparcamiento regulado. Pero hay otra medida de la que se beneficiaban y que acaba de ser restringida, y es el acceso libre a los carriles <strong>VAO<\/strong>, La entrada a <strong>Madrid<\/strong> por la A6, ya ha aplicado esta nueva normativa.<\/p>\n<h2>Carriles BUS-VAO<\/h2>\n<p>Los carriles <a href=\"https:\/\/www.autonocion.com\/ojito-sorprendido-otro-conductor-por-el-carril-bus-vao-de-la-a6-con-una-muneca\/\"><strong>BUS-VAO<\/strong><\/a> se crearon mucho antes de que se comenzaran a comercializar coches el\u00e9ctricos e h\u00edbridos. El objetivo era que los autobuses pudieran evitar los atascos que se producen en las entradas de la grandes ciudades, y el m\u00e1s famoso es el de <a href=\"https:\/\/www.autonocion.com\/motornocion\/gp-de-espana-en-madrid-f1-2026\/\"><strong>Madrid<\/strong><\/a>, que va desde la localidad de Las Rozas hasta la escasos kil\u00f3metros de Moncloa, donde termina el tramo de autopista. En este zona de la carretera, la congesti\u00f3n es com\u00fan cada d\u00eda, sobre todo del tramo que va desde Las Rozas hasta el desvi\u00f3 de la M-40, situado en el km 11.<\/p>\n<p>Adem\u00e1s de los <a href=\"https:\/\/www.autonocion.com\/autobus-amarillo-colegios-electrico\/\"><strong>autobuses<\/strong><\/a>, las <strong>motos<\/strong> y los <strong>veh\u00edculos<\/strong> con tres o m\u00e1s personas, tambi\u00e9n ten\u00edan el libre acceso a este carril central, y m\u00e1s tarde, se redujo a un m\u00ednimo de dos personas por veh\u00edculo.<\/p>\n<h2>La llegada de los el\u00e9ctricos<\/h2>\n<p>Con la llegada de los <a href=\"https:\/\/www.autonocion.com\/volkswagen-desbanca-tesla-lider-coches-electricos-europa-2025\/\"><strong>coches el\u00e9ctricos<\/strong><\/a> e <a href=\"https:\/\/www.autonocion.com\/motornocion\/ford-byd-baterias-hibridos-china\/\"><strong>h\u00edbridos<\/strong><\/a>, y con el objetivo de incentivar sus ventas, se permiti\u00f3 el acceso libre a estos carriles, aunque solo haya un ocupante en el veh\u00edculo. Y durante muchos a\u00f1os, ha sido com\u00fan que estos propietarios pudieran evitar los atascos de entrada gracias a este nuevo reglamento.<\/p>\n<p>Estas no fueron las \u00fanicas ventajas que supon\u00eda tener un coche el\u00e9ctrico, ya que tienen libre acceso a las zonas <a href=\"https:\/\/www.autonocion.com\/etiqueta-b-ciudades-espana\/\"><strong>ZBE<\/strong><\/a> o puede aparcar gratis en las zonas <strong>SER<\/strong> (Servicio de Estacionamiento Regulado) de la capital. Estas ventajas lograron su prop\u00f3sito, el de que crecieran las ventas, desplazando as\u00ed a los coches m\u00e1s contaminantes.<\/p>\n<h2>Se acaban las ventajas<\/h2>\n<p>Pero el acceso libre al <strong>Bus-VAO<\/strong> acaba de terminar, y as\u00ed lo recoge el <strong>BOE<\/strong>. Los veh\u00edculos el\u00e9ctricos e h\u00edbridos ya no pueden acceder libremente al BUS-VAO, lo que supone un perjuicio para miles de conductores, que ahora tendr\u00e1n que buscar alternativas o resignarse a estar m\u00e1s horas en el coche, en un atasco.<\/p>\n<p>Vuelve la normativa anterior en cuanto al acceso de veh\u00edculos, solo podr\u00e1n acceder aquellos con dos o m\u00e1s ocupantes, independientemente de si es un coche de combusti\u00f3n interna, el\u00e9ctrico o h\u00edbrido.<\/p>\n<h2>Reducci\u00f3n de los veh\u00edculos<\/h2>\n<p>La <a href=\"https:\/\/www.autonocion.com\/motornocion\/dgt-limite-coches-electricos\/\"><strong>DGT<\/strong> <\/a>se ha marcado un claro objetivo, quiere reducir el n\u00famero de coches en las grandes ciudades, y esta medida es una declaraci\u00f3n de intenciones, el fin de un privilegio que pronto podr\u00eda ir acompa\u00f1ados de otros. De hecho, la DGT lleva tiempo insinuando la posibilidad de \u201cobligar\u201d a que los conductores no puedan acceder a las grandes ciudades con su coche si no van acompa\u00f1ados, o limitarlo a las horas del d\u00eda con m\u00e1s congesti\u00f3n en las carreteras.<\/p>\n<p>La poblaci\u00f3n en Espa\u00f1a sigue creciendo, y ese crecimiento es m\u00e1s evidente en las grandes ciudades como Madrid. La ciudad se expande, cada vez hay m\u00e1s barrios en la periferia, cada vez m\u00e1s trabajadores utilizan el coche para desplazarse al centro, y cada vez hay m\u00e1s atasco y congesti\u00f3n Con esta prohibici\u00f3n de acceso libre al BUS-VAO para los h\u00edbridos y el\u00e9ctricos, se abre la veda de limitar los privilegios a estos propietarios. Las alternativas sostenibles han aumentado y eso supone un problema para el tr\u00e1fico que se quiere atajar.<\/p>\n","protected":false},"excerpt":{"rendered":"<p>Los coches el\u00e9ctricos e h\u00edbridos comienzan a perder las ventajas que hab\u00edan ido adquiriendo desde su llegada al mercado. Para &#8230; <\/p>\n<p class=\"read-more-container\"><a title=\"La DGT restringe el uso de coches el\u00e9ctricos e h\u00edbridos enchufables en el carril VAO de la A6 en Madrid\" class=\"read-more button\" href=\"https:\/\/www.autonocion.com\/motornocion\/dgt-restringir-coches-electricos-e-hibridos-enchufables\/#more-3346\" aria-label=\"Leer m\u00e1s sobre La DGT restringe el uso de coches el\u00e9ctricos e h\u00edbridos enchufables en el carril VAO de la A6 en Madrid\">Read more<\/a><\/p>\n","protected":false},"author":6,"featured_media":3347,"comment_status":"closed","ping_status":"closed","sticky":false,"template":"","format":"standard","meta":{"_acf_changed":false,"footnotes":""},"categories":[4],"tags":[12],"class_list":["post-3346","post","type-post","status-publish","format-standard","has-post-thumbnail","hentry","category-actualidad","tag-dgt","resize-featured-image"],"acf":[],"_links":{"self":[{"href":"https:\/\/www.autonocion.com\/motornocion\/wp-json\/wp\/v2\/posts\/3346","targetHints":{"allow":["GET"]}}],"collection":[{"href":"https:\/\/www.autonocion.com\/motornocion\/wp-json\/wp\/v2\/posts"}],"about":[{"href":"https:\/\/www.autonocion.com\/motornocion\/wp-json\/wp\/v2\/types\/post"}],"author":[{"embeddable":true,"href":"https:\/\/www.autonocion.com\/motornocion\/wp-json\/wp\/v2\/users\/6"}],"replies":[{"embeddable":true,"href":"https:\/\/www.autonocion.com\/motornocion\/wp-json\/wp\/v2\/comments?post=3346"}],"version-history":[{"count":3,"href":"https:\/\/www.autonocion.com\/motornocion\/wp-json\/wp\/v2\/posts\/3346\/revisions"}],"predecessor-version":[{"id":3891,"href":"https:\/\/www.autonocion.com\/motornocion\/wp-json\/wp\/v2\/posts\/3346\/revisions\/3891"}],"wp:featuredmedia":[{"embeddable":true,"href":"https:\/\/www.autonocion.com\/motornocion\/wp-json\/wp\/v2\/media\/3347"}],"wp:attachment":[{"href":"https:\/\/www.autonocion.com\/motornocion\/wp-json\/wp\/v2\/media?parent=3346"}],"wp:term":[{"taxonomy":"category","embeddable":true,"href":"https:\/\/www.autonocion.com\/motornocion\/wp-json\/wp\/v2\/categories?post=3346"},{"taxonomy":"post_tag","embeddable":true,"href":"https:\/\/www.autonocion.com\/motornocion\/wp-json\/wp\/v2\/tags?post=3346"}],"curies":[{"name":"wp","href":"https:\/\/api.w.org\/{rel}","templated":true}]}}