{"id":3342,"date":"2026-01-25T12:00:52","date_gmt":"2026-01-25T11:00:52","guid":{"rendered":"https:\/\/www.autonocion.com\/motornocion\/?p=3342"},"modified":"2026-02-02T11:10:55","modified_gmt":"2026-02-02T10:10:55","slug":"ebro-golpe-mercado","status":"publish","type":"post","link":"https:\/\/www.autonocion.com\/motornocion\/ebro-golpe-mercado\/","title":{"rendered":"EBRO quiere superarse en 2026 en Espa\u00f1a: nuevos modelos, actualizaciones y un nuevo plan de expansi\u00f3n"},"content":{"rendered":"<p><a href=\"https:\/\/www.autonocion.com\/opinion-y-prueba-ebro-s800-2025\/\"><strong>EBRO<\/strong> <\/a>ha vuelto a situar a Espa\u00f1a en un referente en la venta de veh\u00edculos. La marca ha logrado ganar cuota de mercado y colocar sus coches entre los m\u00e1s vendidos del pa\u00eds, y lo ha hecho un muy poco tiempo, algo que muy pocos pod\u00edan vaticinar. El 2025 fue hist\u00f3rico para la marca, y ahora miran a este 2026 con ganas de superarse, con optimismo, y con planes ambiciosos que incluyen el lanzamiento de si nuevo <a href=\"https:\/\/www.autonocion.com\/volvo-ex60-2027-autonomia-carga-rapida\/\"><strong>SUV<\/strong><\/a>.<\/p>\n<p>EBRO se prepara para dar un nuevo paso en el mercado espa\u00f1ol, y lo hace despu\u00e9s de lograr vender 12.000 unidades el pasado a\u00f1o. Su f\u00e1brica en Barcelona est\u00e1 a pleno rendimiento y ya preparan su nuevo asalto al mercado.<\/p>\n<h2>EBRO en 2026<\/h2>\n<p>La marca espa\u00f1ola ya prepara el nuevo escenario para este a\u00f1o con los <strong>EBRO S700 y S800<\/strong>, con un lavado de cara que va a suponer una gran sorpresa para quienes est\u00e9n sopesando esta opci\u00f3n. No se tratan de simples actualizaciones, se espera un cambio de dise\u00f1o, y cambio en el equipamiento tecnol\u00f3gico y una mejor prestaci\u00f3n en la mec\u00e1nica.<\/p>\n<p>En este sentido, el gran cambio lo veremos con el EBRO S700 h\u00edbrido autorrecargable. La apuesta ser\u00e1 una f\u00f3rmula HEV, lo que se caracteriza por una combinaci\u00f3n de gasolina (motor 1.5) con un sistema el\u00e9ctrico que va a reducir el consumo de manera significativa. El objetivo de la marca es competir con las opciones m\u00e1s similares en el mercado, Renault Austral o el MG HS.<\/p>\n<p>Aunque el cambio no ser\u00e1 tan radical, el S800 tambi\u00e9n apunta a grandes novedades en este 2026. El equipamiento de este SUV familiar y los avances tecnol\u00f3gicos ser\u00e1n la gran apuesta para repetir el \u00e9xito de los \u00faltimos a\u00f1os, una pelea donde existen muchos otros grandes competidores.<\/p>\n<h2>Ebro y su apuesta por el S400<\/h2>\n<p>El <strong>EBRO S400<\/strong> podr\u00eda ser la clave en esta nueva estrategia de la marca. La competencia en los<a href=\"https:\/\/www.autonocion.com\/kia-ev2-presentacion-mundial-salon-bruselas-2026\/\"><strong> B-SUV<\/strong><\/a> es cada vez mayor, quiz\u00e1 la m\u00e1s disputada en nuestro territorio, y para poder estar compitiendo con los rivales, apenas cambia el aspecto visual, se ha central en una profunda actualizaci\u00f3n t\u00e9cnica para poder ofrecer cosas que otros no hacen.<\/p>\n<p>Por ejemplo, apuestan por una bater\u00eda que tienen como objetico optimizar al m\u00e1ximo la combinaci\u00f3n entre rendimiento y eficiencia, con el fin de solventar algunos de los puntos d\u00e9biles que tra\u00eda el anterior modelo. Tambi\u00e9n tocan lo que ya funcionaba, lo actualizan para mejorarlo.<\/p>\n<h2>La sorpresa de EBRO con un nuevo SUV<\/h2>\n<p><strong>EBRO<\/strong> ha querido evidenciar el gran momento que atraviesa con una grata sorpresa para el mundo de la automoci\u00f3n. Se trata de un SUV completamente nuevo, del que a\u00fan no se han desvelado muchos detalles, ni siquiera cu\u00e1l ser\u00e1 su nombre. Los rumores apuntas a <strong>S500<\/strong> o <strong>S600<\/strong>, y ser\u00e1 una opci\u00f3n que est\u00e9 entre medias del <strong>S400<\/strong> y el <strong>S700<\/strong>.<\/p>\n<p>Se sabe que medir\u00e1 alrededor de 4,4 metros, y se situar\u00e1 en un espacio del mercado al que pocos se han atrevido a acceder, pero que es muy demandado.<\/p>\n<p><strong>EBRO<\/strong> vive el mejor momento, uno que casi nadie esperaba, pero que dan muestra del trabajo y compromiso de esta marca espa\u00f1ola para crear coches que puedan estar a la altura de las grandes marcas. Los proyectos para este a\u00f1o son tan importantes, como ambiciosos y atractivos, pero la confianza del \u00e9xito de los \u00faltimos a\u00f1os, ha generado una confianza que podr\u00eda significar otro gran impulso para la marca. Con modelos actualizados a la \u00faltima, y con uno nuevo a estrenar, y una vez que han conquistado el mercado, quieren mantenerlo por muchos a\u00f1os, y parece que van por el buen camino.<\/p>\n","protected":false},"excerpt":{"rendered":"<p>EBRO ha vuelto a situar a Espa\u00f1a en un referente en la venta de veh\u00edculos. La marca ha logrado ganar &#8230; <\/p>\n<p class=\"read-more-container\"><a title=\"EBRO quiere superarse en 2026 en Espa\u00f1a: nuevos modelos, actualizaciones y un nuevo plan de expansi\u00f3n\" class=\"read-more button\" href=\"https:\/\/www.autonocion.com\/motornocion\/ebro-golpe-mercado\/#more-3342\" aria-label=\"Leer m\u00e1s sobre EBRO quiere superarse en 2026 en Espa\u00f1a: nuevos modelos, actualizaciones y un nuevo plan de expansi\u00f3n\">Read more<\/a><\/p>\n","protected":false},"author":6,"featured_media":3343,"comment_status":"closed","ping_status":"closed","sticky":false,"template":"","format":"standard","meta":{"_acf_changed":false,"footnotes":""},"categories":[4],"tags":[],"class_list":["post-3342","post","type-post","status-publish","format-standard","has-post-thumbnail","hentry","category-actualidad","resize-featured-image"],"acf":[],"_links":{"self":[{"href":"https:\/\/www.autonocion.com\/motornocion\/wp-json\/wp\/v2\/posts\/3342","targetHints":{"allow":["GET"]}}],"collection":[{"href":"https:\/\/www.autonocion.com\/motornocion\/wp-json\/wp\/v2\/posts"}],"about":[{"href":"https:\/\/www.autonocion.com\/motornocion\/wp-json\/wp\/v2\/types\/post"}],"author":[{"embeddable":true,"href":"https:\/\/www.autonocion.com\/motornocion\/wp-json\/wp\/v2\/users\/6"}],"replies":[{"embeddable":true,"href":"https:\/\/www.autonocion.com\/motornocion\/wp-json\/wp\/v2\/comments?post=3342"}],"version-history":[{"count":4,"href":"https:\/\/www.autonocion.com\/motornocion\/wp-json\/wp\/v2\/posts\/3342\/revisions"}],"predecessor-version":[{"id":3901,"href":"https:\/\/www.autonocion.com\/motornocion\/wp-json\/wp\/v2\/posts\/3342\/revisions\/3901"}],"wp:featuredmedia":[{"embeddable":true,"href":"https:\/\/www.autonocion.com\/motornocion\/wp-json\/wp\/v2\/media\/3343"}],"wp:attachment":[{"href":"https:\/\/www.autonocion.com\/motornocion\/wp-json\/wp\/v2\/media?parent=3342"}],"wp:term":[{"taxonomy":"category","embeddable":true,"href":"https:\/\/www.autonocion.com\/motornocion\/wp-json\/wp\/v2\/categories?post=3342"},{"taxonomy":"post_tag","embeddable":true,"href":"https:\/\/www.autonocion.com\/motornocion\/wp-json\/wp\/v2\/tags?post=3342"}],"curies":[{"name":"wp","href":"https:\/\/api.w.org\/{rel}","templated":true}]}}