{"id":3267,"date":"2026-01-22T20:00:06","date_gmt":"2026-01-22T19:00:06","guid":{"rendered":"https:\/\/www.autonocion.com\/motornocion\/?p=3267"},"modified":"2026-01-25T01:44:56","modified_gmt":"2026-01-25T00:44:56","slug":"toyota-yaris-fernando-alonso-precio","status":"publish","type":"post","link":"https:\/\/www.autonocion.com\/motornocion\/toyota-yaris-fernando-alonso-precio\/","title":{"rendered":"El nuevo Toyota Yaris de Fernando Alonso que todo el mundo puede comprarse"},"content":{"rendered":"<p>La colecci\u00f3n de coches de <a href=\"https:\/\/www.autonocion.com\/motornocion\/alonso-adios-definitivo-f1-2026\/\"><b>Fernando Alonso<\/b><\/a> es el sue\u00f1o de cualquier entusiasta del motor. En las \u00faltimas semanas, el piloto asturiano ha sido noticia por dejarse ver en las calles de M\u00f3naco con joyas de valor incalculable. La \u00faltima, un <a href=\"https:\/\/www.autonocion.com\/motornocion\/toyota-c-hr-2026-novedades\/\"><strong>Toyota<\/strong><\/a> utilitario.<\/p>\n<h2>Fernando Alonso elige un Toyota Yaris h\u00edbrido para su d\u00eda a d\u00eda<\/h2>\n<p>Esta colecci\u00f3n de coches va desde un <b>Ferrari LaFerrari<\/b> que adquiri\u00f3 en su etapa con la escuder\u00eda italiana, pasando por un <b>Aston Martin Valiant<\/b> o el legendario <b>Ferrari F40<\/b>, hasta piezas de museo como el <b>Mercedes CLK GTR<\/b>. Sin embargo, entre tanto deportivo de altas prestaciones, ha aparecido un veh\u00edculo que ha roto todos los esquemas por su sencillez: un <b>Toyota Yaris h\u00edbrido.<\/b><\/p>\n<p>Ver al bicampe\u00f3n del mundo de F\u00f3rmula 1 <a href=\"https:\/\/www.instagram.com\/reels\/DTGaPSHDCv8\/\" rel=\"nofollow noopener\" target=\"_blank\">manejando<\/a> un coche que cualquier conductor puede encontrar en un concesionario ha generado una oleada de comentarios.<\/p>\n<p>Tampoco se observa como un plan de marketing puntual, sino de una <strong>elecci\u00f3n l\u00f3gica para el d\u00eda a d\u00eda<\/strong> en entornos urbanos. Mientras que sus superdeportivos est\u00e1n dise\u00f1ados para el circuito o para coleccionistas, el <strong>peque\u00f1o japon\u00e9s<\/strong> ofrece algo que ni un Ferrari ni un Aston Martin pueden dar en el tr\u00e1fico diario: <b>eficiencia extrema y agilidad<\/b>.<\/p>\n<h2>El origen de la alianza entre Fernando Alonso y Toyota<\/h2>\n<p>La presencia de este modelo en el garaje del piloto no es casualidad. La relaci\u00f3n entre Alonso y Toyota es profunda y exitosa. Juntos conquistaron el <b>Mundial de Resistencia (WEC)<\/b> y las <b>24 Horas de Le Mans en 2018 y 2019<\/b>, adem\u00e1s de participar en retos tan exigentes como el <b>Rally Dakar<\/b>. Esa confianza en la fiabilidad de la tecnolog\u00eda japonesa se ha trasladado a su movilidad privada.<\/p>\n<p>Este <a href=\"https:\/\/www.autonocion.com\/toyota-yaris-hybrid-130-cv-mejoras-interiroes\/\"><b>Toyota Yaris h\u00edbrido <\/b><\/a>que conduce el asturiano es, probablemente, el \u00fanico coche de su exclusiva colecci\u00f3n que resulta accesible para la mayor\u00eda de los conductores espa\u00f1oles. Con un precio de salida de <b>21.900 euros<\/b>, se sit\u00faa en un punto muy competitivo del mercado, compitiendo con rivales como el Renault Clio o el MG3, pero manteniendo el liderazgo gracias a un <strong>sistema h\u00edbrido que ha sido perfeccionado<\/strong> durante d\u00e9cadas.<\/p>\n<h2>Un Toyota Yaris con motor h\u00edbrido dise\u00f1ado para el ahorro real<\/h2>\n<p>Lo que hace especial a este coche no es solo qui\u00e9n lo conduce, sino lo que esconde bajo el cap\u00f3. El sistema motor se basa en un bloque de <b>1,5 litros<\/b> que trabaja junto a un motor el\u00e9ctrico. Dependiendo de la versi\u00f3n elegida, el coche entrega <b>116 o 130 CV<\/b>, una potencia que permite moverse con soltura tanto en ciudad como en carretera. De hecho, es capaz de pasar de 0 a 100 km\/h en menos de diez segundos, una cifra m\u00e1s que digna para un coche de su segmento.<\/p>\n<figure id=\"attachment_3292\" aria-describedby=\"caption-attachment-3292\" style=\"width: -10px\" class=\"wp-caption aligncenter\"><img loading=\"lazy\" decoding=\"async\" class=\"wp-image-3292 size-full\" src=\"https:\/\/www.autonocion.com\/motornocion\/wp-content\/uploads\/2026\/01\/toyota-yaris-hibrido-fernando-alonso.jpg\" alt=\"toyota yaris hibrido fernando alonso\" width=\"1800\" height=\"1013\" srcset=\"https:\/\/www.autonocion.com\/motornocion\/wp-content\/uploads\/2026\/01\/toyota-yaris-hibrido-fernando-alonso.jpg 1800w, https:\/\/www.autonocion.com\/motornocion\/wp-content\/uploads\/2026\/01\/toyota-yaris-hibrido-fernando-alonso-300x169.jpg 300w, https:\/\/www.autonocion.com\/motornocion\/wp-content\/uploads\/2026\/01\/toyota-yaris-hibrido-fernando-alonso-768x432.jpg 768w, https:\/\/www.autonocion.com\/motornocion\/wp-content\/uploads\/2026\/01\/toyota-yaris-hibrido-fernando-alonso-1536x864.jpg 1536w\" sizes=\"auto, (max-width: 1800px) 100vw, 1800px\" \/><figcaption id=\"caption-attachment-3292\" class=\"wp-caption-text\">Toyota Press Media<\/figcaption><\/figure>\n<p>Pero el dato que realmente destaca es su consumo. La versi\u00f3n m\u00e1s eficiente logra homologar apenas <b>3,8 litros a los 100 kil\u00f3metros<\/b>. En un momento de <a href=\"https:\/\/www.autonocion.com\/motornocion\/cambio-precios-gasolina-diesel-2026\/\">precios de gasolina inestables<\/a>, estas cifras convierten al Yaris en una herramienta de ahorro diario. Adem\u00e1s, al contar con la <b>etiqueta ECO<\/b>, permite circular sin restricciones por las zonas de bajas emisiones de las grandes ciudades, una ventaja clave para cualquier usuario en 2026.<\/p>\n<h2>Las versiones disponibles en el mercado espa\u00f1ol<\/h2>\n<p>El \u00e9xito del modelo se refleja en las listas de ventas. En el \u00faltimo a\u00f1o, el Yaris fue el <b>cuarto coche h\u00edbrido m\u00e1s vendido en Espa\u00f1a<\/b>, con m\u00e1s de 15.000 unidades matriculadas. La gama est\u00e1 estructurada para cubrir diferentes necesidades, desde el cliente profesional hasta el que busca un toque m\u00e1s din\u00e1mico:<\/p>\n<ul>\n<li><b>Active Plus (21.900 \u20ac):<\/b> Es la opci\u00f3n de acceso y la m\u00e1s equilibrada. Ofrece todo lo necesario con un enfoque pr\u00e1ctico.<\/li>\n<li><b>Business Plus (24.200 \u20ac):<\/b> Pensada para flotas y aut\u00f3nomos, es la que consigue ese consumo r\u00e9cord de <b>3,8 litros<\/b> gracias a una configuraci\u00f3n de llantas y peso espec\u00edfica.<\/li>\n<li><b>GR Sport Plus (25.400 \u20ac):<\/b> Para quienes quieren la est\u00e9tica del equipo de competici\u00f3n de Alonso pero manteniendo la eficiencia del motor h\u00edbrido de <b>130 CV<\/b>.<\/li>\n<\/ul>\n<h2>\u00bfPor qu\u00e9 elegir un utilitario cuando puedes tener un superdeportivo?<\/h2>\n<p>La elecci\u00f3n de Fernando Alonso demuestra un cambio de mentalidad que se est\u00e1 extendiendo: <b>la apuesta por la utilidad<\/b>. Incluso alguien acostumbrado a la velocidad punta valora la comodidad de aparcar con facilidad y no tener que preocuparse por el gasto de combustible en trayectos cortos. El Yaris no intenta competir en sensaciones con un motor b\u00f3xer o un V12, sino que cumple a la perfecci\u00f3n su funci\u00f3n de facilitar la vida del conductor.<\/p>\n<p>Adem\u00e1s, la veteran\u00eda de este modelo en el mercado juega a su favor. A diferencia de las nuevas marcas que est\u00e1n llegando, este coche cuenta con una red de servicio consolidada y una <b>fiabilidad mec\u00e1nica<\/b> que ha sido probada en millones de kil\u00f3metros. Es un coche que &#8216;funciona y punto&#8217;, sin complicaciones tecnol\u00f3gicas innecesarias que puedan empa\u00f1ar la experiencia de uso.<\/p>\n<p>Con todo, que un piloto de la talla de Fernando Alonso conf\u00ede en este h\u00edbrido para sus desplazamientos personales es la mejor publicidad posible para un <strong>coche que ya era un \u00e9xito de ventas<\/strong>. Es la prueba de que, a veces, la mejor ingenier\u00eda no es la que m\u00e1s corre, sino la que mejor se adapta a lo que necesitamos cada ma\u00f1ana al salir de casa.<\/p>\n","protected":false},"excerpt":{"rendered":"<p>La colecci\u00f3n de coches de Fernando Alonso es el sue\u00f1o de cualquier entusiasta del motor. En las \u00faltimas semanas, el &#8230; <\/p>\n<p class=\"read-more-container\"><a title=\"El nuevo Toyota Yaris de Fernando Alonso que todo el mundo puede comprarse\" class=\"read-more button\" href=\"https:\/\/www.autonocion.com\/motornocion\/toyota-yaris-fernando-alonso-precio\/#more-3267\" aria-label=\"Leer m\u00e1s sobre El nuevo Toyota Yaris de Fernando Alonso que todo el mundo puede comprarse\">Read more<\/a><\/p>\n","protected":false},"author":4,"featured_media":3180,"comment_status":"closed","ping_status":"closed","sticky":false,"template":"","format":"standard","meta":{"_acf_changed":false,"footnotes":""},"categories":[11],"tags":[28],"class_list":["post-3267","post","type-post","status-publish","format-standard","has-post-thumbnail","hentry","category-coches","tag-fernando-alonso","resize-featured-image"],"acf":[],"_links":{"self":[{"href":"https:\/\/www.autonocion.com\/motornocion\/wp-json\/wp\/v2\/posts\/3267","targetHints":{"allow":["GET"]}}],"collection":[{"href":"https:\/\/www.autonocion.com\/motornocion\/wp-json\/wp\/v2\/posts"}],"about":[{"href":"https:\/\/www.autonocion.com\/motornocion\/wp-json\/wp\/v2\/types\/post"}],"author":[{"embeddable":true,"href":"https:\/\/www.autonocion.com\/motornocion\/wp-json\/wp\/v2\/users\/4"}],"replies":[{"embeddable":true,"href":"https:\/\/www.autonocion.com\/motornocion\/wp-json\/wp\/v2\/comments?post=3267"}],"version-history":[{"count":4,"href":"https:\/\/www.autonocion.com\/motornocion\/wp-json\/wp\/v2\/posts\/3267\/revisions"}],"predecessor-version":[{"id":3415,"href":"https:\/\/www.autonocion.com\/motornocion\/wp-json\/wp\/v2\/posts\/3267\/revisions\/3415"}],"wp:featuredmedia":[{"embeddable":true,"href":"https:\/\/www.autonocion.com\/motornocion\/wp-json\/wp\/v2\/media\/3180"}],"wp:attachment":[{"href":"https:\/\/www.autonocion.com\/motornocion\/wp-json\/wp\/v2\/media?parent=3267"}],"wp:term":[{"taxonomy":"category","embeddable":true,"href":"https:\/\/www.autonocion.com\/motornocion\/wp-json\/wp\/v2\/categories?post=3267"},{"taxonomy":"post_tag","embeddable":true,"href":"https:\/\/www.autonocion.com\/motornocion\/wp-json\/wp\/v2\/tags?post=3267"}],"curies":[{"name":"wp","href":"https:\/\/api.w.org\/{rel}","templated":true}]}}