{"id":3239,"date":"2026-01-24T18:00:25","date_gmt":"2026-01-24T17:00:25","guid":{"rendered":"https:\/\/www.autonocion.com\/motornocion\/?p=3239"},"modified":"2026-02-02T11:07:12","modified_gmt":"2026-02-02T10:07:12","slug":"porsche-error-coches-electricos-macan","status":"publish","type":"post","link":"https:\/\/www.autonocion.com\/motornocion\/porsche-error-coches-electricos-macan\/","title":{"rendered":"Porsche reconoce que se equivoc\u00f3 con el Macan el\u00e9ctrico"},"content":{"rendered":"<p>La industria del autom\u00f3vil atraviesa un periodo de revisi\u00f3n profunda, y <a href=\"https:\/\/www.autonocion.com\/porsche-batacazo-historico-ventas-2025\/\"><strong>Porsche<\/strong><\/a> se ha convertido en el protagonista inesperado de esta tendencia. <strong>Oliver Blume<\/strong>, quien ha liderado el destino de la firma de Stuttgart hasta principios de este mismo a\u00f1o, ha roto el silencio sobre una de las <strong>decisiones m\u00e1s arriesgadas de su mandato.<\/strong><\/p>\n<h2>El error de c\u00e1lculo de Porsche frena las expectativas de ventas en Europa<\/h2>\n<p>El directivo ha admitido de forma abierta que la <strong>transformaci\u00f3n del <a href=\"https:\/\/www.autonocion.com\/imagenes-informacion-precios-equipamiento-porsche-macan-y-macan-4s-ev\/\">Porsche Macan<\/a> en un producto 100% el\u00e9ctrico ha sido una equivocaci\u00f3n<\/strong>. Estas <a href=\"https:\/\/www.faz.net\/aktuell\/wirtschaft\/vw-chef-oliver-blume-ueber-die-herausforderungen-von-porsche-110798161.html\" rel=\"nofollow noopener\" target=\"_blank\">declaraciones<\/a>, concedidas al medio alem\u00e1n <i>Faz<\/i>, suponen un terremoto informativo en el sector, ya que el Macan no es un modelo cualquiera: es el pilar que sostiene la rentabilidad de la compa\u00f1\u00eda y su veh\u00edculo con mayor volumen de matriculaciones a nivel global.<\/p>\n<p>El an\u00e1lisis de Blume es directo. Seg\u00fan sus palabras, las decisiones tomadas hace unos a\u00f1os se basaban en una proyecci\u00f3n de mercado que entonces parec\u00eda s\u00f3lida e inevitable. En aquel momento, el <strong>\u00e9xito del <a href=\"https:\/\/www.autonocion.com\/porsche-taycan-y-cayenne-black-edition\/\">Taycan<\/a><\/strong> suger\u00eda que el cliente de Porsche estaba entusiasmado con la tecnolog\u00eda de bater\u00edas y que la transici\u00f3n hacia el enchufe ser\u00eda r\u00e1pida y sin fricciones.<\/p>\n<p>Sin embargo, la realidad de 2026 es muy distinta. El <strong>entusiasmo inicial por el coche el\u00e9ctrico de lujo<\/strong> se ha enfriado al chocar con las preferencias reales de los compradores, que <strong>siguen valorando la versatilidad de la gasolina<\/strong>, sobre todo en los SUV premium pensados para el uso diario y los viajes largos.<\/p>\n<h2>Un impacto comercial que obliga a replantear el cat\u00e1logo de Porsche<\/h2>\n<p>Las cifras respaldan esta sensaci\u00f3n de desencanto. Si observamos el mercado espa\u00f1ol y portugu\u00e9s, los datos revelan una brecha importante entre los objetivos de la marca y las ventas reales. <strong>Porsche cerr\u00f3 el pasado 2025 con 885 unidades matriculadas en la Pen\u00ednsula<\/strong>, una cifra que queda <strong>muy por debajo de las 1.300 unidades<\/strong> que se hab\u00edan fijado como meta inicial. Este d\u00e9ficit comercial es una se\u00f1al clara de que el Macan el\u00e9ctrico, a pesar de sus innegables cualidades din\u00e1micas y su tecnolog\u00eda de vanguardia, no ha logrado convencer al cliente tradicional que busca en este modelo su coche principal para todo tipo de trayectos.<\/p>\n<p>La p\u00e9rdida de este volumen de ventas es cr\u00edtica para la salud financiera de la firma. El <strong>Macan<\/strong> siempre ha cumplido la funci\u00f3n de \u00abpuerta de entrada\u00bb a la marca y de generador de flujo de caja para financiar el desarrollo de los deportivos m\u00e1s puros, como el <strong>legendario 911<\/strong>. Al limitar este modelo exclusivamente a la electricidad, Porsche ha dejado hu\u00e9rfanos a miles de clientes que residen en zonas donde la infraestructura de carga sigue siendo deficiente o que, simplemente, prefieren la autonom\u00eda y la facilidad de uso de los motores t\u00e9rmicos o h\u00edbridos.<\/p>\n<h2>La salvaci\u00f3n de los motores b\u00f3xer en la gama deportiva<\/h2>\n<p>La admisi\u00f3n de este error por parte de Blume ya est\u00e1 teniendo consecuencias directas en el resto de la familia Porsche. La firma alemana ten\u00eda planeado seguir el mismo camino con sus deportivos de motor central, el <strong>718 Cayman y el Boxster<\/strong>. Sin embargo, las alarmas encendidas por el Macan han provocado un cambio de rumbo inmediato para proteger la identidad de estos modelos. Aunque existir\u00e1n versiones el\u00e9ctricas de los 718, la marca ha decidido que las <strong>variantes m\u00e1s radicales y deseadas<\/strong>, como los <strong>GT4 y RS<\/strong>, mantengan el <strong>motor b\u00f3xer de seis cilindros atmosf\u00e9rico<\/strong>.<\/p>\n<p>Esta decisi\u00f3n busca evitar que los entusiastas de la conducci\u00f3n pura abandonen la marca. El cliente de un <strong>deportivo valora sensaciones que la electricidad todav\u00eda no puede replicar<\/strong> de la misma forma, como el sonido, el peso reducido y el car\u00e1cter de un motor de combusti\u00f3n interna.<\/p>\n<p>As\u00ed, Porsche ha comprendido que la <strong>imposici\u00f3n de una sola tecnolog\u00eda puede ser peligrosa<\/strong> para su imagen de marca y que la supervivencia a largo plazo pasa por ofrecer opciones que se adapten a los gustos de su base de fieles, en lugar de forzarlos a una transici\u00f3n para la que muchos no est\u00e1n preparados.<\/p>\n<h2>Un nuevo SUV de combusti\u00f3n para recuperar el terreno perdido<\/h2>\n<p>El futuro a corto plazo de Porsche pasa ahora por una soluci\u00f3n creativa para cubrir el hueco que ha dejado la falta de un <strong>Macan de gasolina<\/strong>. Dado que la plataforma del modelo el\u00e9ctrico actual est\u00e1 dise\u00f1ada espec\u00edficamente para bater\u00edas y ser\u00eda <strong>extremadamente costoso adaptarla a motores t\u00e9rmicos<\/strong>, la compa\u00f1\u00eda est\u00e1 trabajando en un <strong>nuevo concepto<\/strong>. Todo apunta al lanzamiento de un crossover in\u00e9dito que se situar\u00eda por debajo del Macan en dimensiones, recuperando las <strong>motorizaciones de combusti\u00f3n y las versiones <a href=\"https:\/\/www.autonocion.com\/ventajas-de-los-coches-hibridos-enchufables-por-que-son-una-opcion-inteligente-para-los-que-quieren-electrificarse-pero-no-al-100\/\">h\u00edbridas enchufables (PHEV)<\/a>.<\/strong><\/p>\n<p>Este nuevo modelo permitir\u00eda a Porsche competir de nuevo en el segmento de los <strong>SUV peque\u00f1os y medianos<\/strong> <strong>de gasolina<\/strong>, donde la <strong>demanda sigue siendo muy alta<\/strong>. Ser\u00eda una forma de admitir la derrota en la electrificaci\u00f3n total del Macan sin tener que cancelar el modelo actual, creando una oferta paralela que asegure que ning\u00fan cliente se vaya a la competencia por no encontrar una opci\u00f3n t\u00e9rmica en el concesionario.<\/p>\n<p>Con todo, las palabras de Oliver Blume marcan el <strong>fin de una etapa de optimismo ciego hacia la electricidad<\/strong> y el comienzo de una era de <strong>realismo industrial<\/strong>. Porsche, una marca que siempre se ha sentido orgullosa de su ingenier\u00eda, reconoce ahora que la tecnolog\u00eda debe ir de la mano de la necesidad del cliente y no solo de las tendencias regulatorias. La convivencia entre el pist\u00f3n y el electr\u00f3n parece ser, finalmente, el \u00fanico camino viable para mantener viva la leyenda de Stuttgart.<\/p>\n","protected":false},"excerpt":{"rendered":"<p>La industria del autom\u00f3vil atraviesa un periodo de revisi\u00f3n profunda, y Porsche se ha convertido en el protagonista inesperado de &#8230; <\/p>\n<p class=\"read-more-container\"><a title=\"Porsche reconoce que se equivoc\u00f3 con el Macan el\u00e9ctrico\" class=\"read-more button\" href=\"https:\/\/www.autonocion.com\/motornocion\/porsche-error-coches-electricos-macan\/#more-3239\" aria-label=\"Leer m\u00e1s sobre Porsche reconoce que se equivoc\u00f3 con el Macan el\u00e9ctrico\">Read more<\/a><\/p>\n","protected":false},"author":4,"featured_media":3264,"comment_status":"closed","ping_status":"closed","sticky":false,"template":"","format":"standard","meta":{"_acf_changed":false,"footnotes":""},"categories":[11],"tags":[],"class_list":["post-3239","post","type-post","status-publish","format-standard","has-post-thumbnail","hentry","category-coches","resize-featured-image"],"acf":[],"_links":{"self":[{"href":"https:\/\/www.autonocion.com\/motornocion\/wp-json\/wp\/v2\/posts\/3239","targetHints":{"allow":["GET"]}}],"collection":[{"href":"https:\/\/www.autonocion.com\/motornocion\/wp-json\/wp\/v2\/posts"}],"about":[{"href":"https:\/\/www.autonocion.com\/motornocion\/wp-json\/wp\/v2\/types\/post"}],"author":[{"embeddable":true,"href":"https:\/\/www.autonocion.com\/motornocion\/wp-json\/wp\/v2\/users\/4"}],"replies":[{"embeddable":true,"href":"https:\/\/www.autonocion.com\/motornocion\/wp-json\/wp\/v2\/comments?post=3239"}],"version-history":[{"count":6,"href":"https:\/\/www.autonocion.com\/motornocion\/wp-json\/wp\/v2\/posts\/3239\/revisions"}],"predecessor-version":[{"id":3895,"href":"https:\/\/www.autonocion.com\/motornocion\/wp-json\/wp\/v2\/posts\/3239\/revisions\/3895"}],"wp:featuredmedia":[{"embeddable":true,"href":"https:\/\/www.autonocion.com\/motornocion\/wp-json\/wp\/v2\/media\/3264"}],"wp:attachment":[{"href":"https:\/\/www.autonocion.com\/motornocion\/wp-json\/wp\/v2\/media?parent=3239"}],"wp:term":[{"taxonomy":"category","embeddable":true,"href":"https:\/\/www.autonocion.com\/motornocion\/wp-json\/wp\/v2\/categories?post=3239"},{"taxonomy":"post_tag","embeddable":true,"href":"https:\/\/www.autonocion.com\/motornocion\/wp-json\/wp\/v2\/tags?post=3239"}],"curies":[{"name":"wp","href":"https:\/\/api.w.org\/{rel}","templated":true}]}}