{"id":3231,"date":"2026-01-22T11:08:47","date_gmt":"2026-01-22T10:08:47","guid":{"rendered":"https:\/\/www.autonocion.com\/motornocion\/?p=3231"},"modified":"2026-01-22T11:08:56","modified_gmt":"2026-01-22T10:08:56","slug":"dgt-limite-coches-electricos","status":"publish","type":"post","link":"https:\/\/www.autonocion.com\/motornocion\/dgt-limite-coches-electricos\/","title":{"rendered":"\u00bfQuiere la DGT limitar tambi\u00e9n el tr\u00e1fico de coches el\u00e9ctricos en Espa\u00f1a?"},"content":{"rendered":"<p>Si eres de los que a\u00fan no ha dado el paso y est\u00e1s pensando en cambiar al<a href=\"https:\/\/www.autonocion.com\/motornocion\/alemania-coches-electricos-subvenciones\/\"><strong> coche el\u00e9ctrico<\/strong> <\/a>por las ventajas que ofrecen las grandes ciudades a quienes tienen este tipo de veh\u00edculo, debes saber que las cosas cambian muy r\u00e1pido, y lo que hace unos d\u00edas era un beneficio para el ciudadano, puede dejar de serlo en cualquier momento.<\/p>\n<p>Quienes pod\u00edan permit\u00edrselo, se pasaron a estos veh\u00edculos cuando salieron al mercado, ya que ofrec\u00edan ciertas ventajas al reducir las <a href=\"https:\/\/www.autonocion.com\/los-coches-sin-etiqueta-si-que-podran-circular-por-madrid-en-2026\/\"><strong>emisiones<\/strong><\/a>, como la entrada sin restricciones a las <strong>ZBE<\/strong>, gratuidad para aparcar en zonas reguladas, u otras ventajas que aliviaban el tr\u00e1fico a quienes contaban con estas opciones. Sin embargo, estas opciones se han vuelto m\u00e1s populares, m\u00e1s accesibles, y la realidad dibuja un escenario donde la movilidad el\u00e9ctrica con mucho protagonismo. Por este motivo, la <strong>DGT<\/strong> empieza a incorporar restricciones que parec\u00edan reservadas a veh\u00edculos di\u00e9sel y de gasolina, al considerarse parte del problema de la congesti\u00f3n en carreteras.<\/p>\n<p>Lo<strong>s coches el\u00e9ctricos<\/strong>, por el momento, seguir\u00e1n gozando de ventajas respectos a las opciones de combusti\u00f3n interna, pero cada vez menos, porque el objetivo ya va mucho m\u00e1s all\u00e1 de la contaminaci\u00f3n, tambi\u00e9n de reducir la congesti\u00f3n en las carreteras, especialmente en las grandes ciudades como Madrid o Barcelona.<\/p>\n<h2>La DGT y los coches el\u00e9ctricos<\/h2>\n<p>La <a href=\"https:\/\/www.autonocion.com\/motornocion\/tasas-dgt-2026-carnet-conducir\/\"><strong>DGT<\/strong> <\/a>considera que las restricciones que sufren los veh\u00edculos de gasolina y di\u00e9sel, ya no son suficientes para las grandes ciudades, ya que la presencia de los coches <a href=\"https:\/\/www.autonocion.com\/motornocion\/ford-byd-baterias-hibridos-china\/\"><strong>h\u00edbridos<\/strong> <\/a>y <strong>el\u00e9ctrico<\/strong> ha crecido de forma importante, una tendencia que no frena y que ir\u00e1 a m\u00e1s en los pr\u00f3ximos a\u00f1os, hasta que llegue la fecha definitiva en que se dejen de comercializar coches de combusti\u00f3n interna.<\/p>\n<p>El tr\u00e1fico no solo sigue siendo un problema, es que cada vez en mayor, y la <strong>DGT<\/strong> considera que la libertad que tienen las alternativas el\u00e9ctricas ya es un problema real que hay que acotar. Porque el problema, si estos veh\u00edculos tienen libertad para circular sin restricciones, volver\u00e1n a colapsar el centro de las ciudades.<\/p>\n<p>\u201cNo queremos coches en el centro de la ciudad\u201d, se\u00f1ala Pere Navarro desde la DGT, y esto incluye las opciones el\u00e9ctricas. \u201cAl centro de la ciudad no vas con el\u00e9ctrico ni di\u00e9sel ni gasolina\u201d.<\/p>\n<p>Estas palabras no son muy actuales, porque desde entonces, ha ido endureciendo el discurso y ha puesto el foco en la libertad de estos coches el\u00e9ctricos, y no tratarlo, empeorar\u00eda el problema de congesti\u00f3n en los n\u00facleos interiores.<\/p>\n<p>El objetivo de la <strong>DGT<\/strong>, y llevan tiempo manifest\u00e1ndose al respecto, es que el coche privado se utilice cada vez menos.<\/p>\n<h2>Nuevas medidas<\/h2>\n<p>Por ejemplo, en la A2 de entrada a <a href=\"https:\/\/www.autonocion.com\/motornocion\/gp-de-espana-en-madrid-f1-2026\/\"><strong>Madrid<\/strong><\/a>, el carril de alta ocupaci\u00f3n, ahora act\u00faa como tal: hasta ahora, los veh\u00edculos Cero Emisiones pod\u00edan acceder a estas v\u00edas, pero la nueva normativa sobre permite la entrada a los coches con m\u00e1s de un ocupante, independientemente de si son gasolina o di\u00e9sel.<\/p>\n<p>La <strong>DGT<\/strong> ya ha advertido de que esta decisi\u00f3n, pronto se podr\u00e1 aplicar a otros tramos de carreteras de acceso a las grandes ciudades. Pero no ser\u00e1 la \u00fanica: el organismo tambi\u00e9n estudia poner punto y final a que estos veh\u00edculos puedan aparcar en las <a href=\"https:\/\/www.autonocion.com\/etiqueta-b-ciudades-espana\/\"><strong>zonas de aparcamiento regulado<\/strong><\/a> de forma gratuita.<\/p>\n<p>Estas son algunas de las medidas que estudia la <strong>DGT<\/strong>, porque el objetivo, ya no es solo reducir los niveles de contaminaci\u00f3n en las grandes ciudades, tambi\u00e9n se quiere descongestionar el tr\u00e1fico, que acceder a la ciudad no suponga tener que estar largas horas para atravesar atascos. Y para ello, toca meter mano a los coches el\u00e9ctricos, una opci\u00f3n que ha gozado de grandes ventajas en los \u00faltimos a\u00f1os, pero que empieza a ser parte del problema.<\/p>\n","protected":false},"excerpt":{"rendered":"<p>Si eres de los que a\u00fan no ha dado el paso y est\u00e1s pensando en cambiar al coche el\u00e9ctrico por &#8230; <\/p>\n<p class=\"read-more-container\"><a title=\"\u00bfQuiere la DGT limitar tambi\u00e9n el tr\u00e1fico de coches el\u00e9ctricos en Espa\u00f1a?\" class=\"read-more button\" href=\"https:\/\/www.autonocion.com\/motornocion\/dgt-limite-coches-electricos\/#more-3231\" aria-label=\"Leer m\u00e1s sobre \u00bfQuiere la DGT limitar tambi\u00e9n el tr\u00e1fico de coches el\u00e9ctricos en Espa\u00f1a?\">Read more<\/a><\/p>\n","protected":false},"author":6,"featured_media":3232,"comment_status":"closed","ping_status":"closed","sticky":false,"template":"","format":"standard","meta":{"_acf_changed":false,"footnotes":""},"categories":[4],"tags":[12],"class_list":["post-3231","post","type-post","status-publish","format-standard","has-post-thumbnail","hentry","category-actualidad","tag-dgt","resize-featured-image"],"acf":[],"_links":{"self":[{"href":"https:\/\/www.autonocion.com\/motornocion\/wp-json\/wp\/v2\/posts\/3231","targetHints":{"allow":["GET"]}}],"collection":[{"href":"https:\/\/www.autonocion.com\/motornocion\/wp-json\/wp\/v2\/posts"}],"about":[{"href":"https:\/\/www.autonocion.com\/motornocion\/wp-json\/wp\/v2\/types\/post"}],"author":[{"embeddable":true,"href":"https:\/\/www.autonocion.com\/motornocion\/wp-json\/wp\/v2\/users\/6"}],"replies":[{"embeddable":true,"href":"https:\/\/www.autonocion.com\/motornocion\/wp-json\/wp\/v2\/comments?post=3231"}],"version-history":[{"count":3,"href":"https:\/\/www.autonocion.com\/motornocion\/wp-json\/wp\/v2\/posts\/3231\/revisions"}],"predecessor-version":[{"id":3238,"href":"https:\/\/www.autonocion.com\/motornocion\/wp-json\/wp\/v2\/posts\/3231\/revisions\/3238"}],"wp:featuredmedia":[{"embeddable":true,"href":"https:\/\/www.autonocion.com\/motornocion\/wp-json\/wp\/v2\/media\/3232"}],"wp:attachment":[{"href":"https:\/\/www.autonocion.com\/motornocion\/wp-json\/wp\/v2\/media?parent=3231"}],"wp:term":[{"taxonomy":"category","embeddable":true,"href":"https:\/\/www.autonocion.com\/motornocion\/wp-json\/wp\/v2\/categories?post=3231"},{"taxonomy":"post_tag","embeddable":true,"href":"https:\/\/www.autonocion.com\/motornocion\/wp-json\/wp\/v2\/tags?post=3231"}],"curies":[{"name":"wp","href":"https:\/\/api.w.org\/{rel}","templated":true}]}}