{"id":3207,"date":"2026-01-22T15:00:23","date_gmt":"2026-01-22T14:00:23","guid":{"rendered":"https:\/\/www.autonocion.com\/motornocion\/?p=3207"},"modified":"2026-01-22T12:35:29","modified_gmt":"2026-01-22T11:35:29","slug":"verstappen-red-bull-fuga-tecnicos","status":"publish","type":"post","link":"https:\/\/www.autonocion.com\/motornocion\/verstappen-red-bull-fuga-tecnicos\/","title":{"rendered":"La estabilidad de Verstappen en Red Bull peligra por la salida de sus t\u00e9cnicos de confianza"},"content":{"rendered":"<p>El inicio de la temporada 2026 de <a href=\"https:\/\/www.autonocion.com\/motornocion\/f1\/\">F1<\/a> se presenta como uno de los <strong>mayores desaf\u00edos<\/strong> <strong>en la carrera de<\/strong> <strong>Max Verstappen<\/strong>. A medida que se acercan los primeros test de pretemporada en Barcelona, programados del 26 al 30 de enero, el equipo Red Bull se enfrenta a una <strong>reestructuraci\u00f3n interna forzada<\/strong> por la salida de figuras que han sido fundamentales en los \u00e9xitos del piloto neerland\u00e9s.<\/p>\n<p>A pesar de que la escuder\u00eda ha logrado presentar su nuevo monoplaza con <a href=\"https:\/\/www.autonocion.com\/motornocion\/equipos-presion-fia-truco-mercedes-motor\/\">motor propio en compa\u00f1\u00eda de Ford<\/a>, la <strong>fuga de cerebros hacia equipos rivales<\/strong> est\u00e1 marcando la agenda de Milton Keynes. <strong>El entorno m\u00e1s cercano de Verstappen<\/strong>, ese n\u00facleo duro que garantiza el rendimiento en pista, <strong>est\u00e1 perdiendo piezas<\/strong> que parec\u00edan inamovibles.<\/p>\n<p>Uno de los mayores temores de la directiva de Red Bull era perder a <strong>Gianpiero Lambiase<\/strong>, el ingeniero de carrera que acompa\u00f1a a Max desde su llegada al equipo. Los rumores sobre un posible desembarco de <strong>Lambiase en Aston Martin<\/strong> cobraron mucha fuerza a finales del a\u00f1o pasado, situ\u00e1ndolo en un puesto de alta direcci\u00f3n junto a <a href=\"https:\/\/www.autonocion.com\/motornocion\/newey-decision-amr26-alonso\/\">Adrian Newey<\/a>.<\/p>\n<p>Sin embargo, <strong>Red Bull ha conseguido frenar este movimiento <\/strong>(por ahora) asegurando que Lambiase siga siendo la voz principal en la radio del campe\u00f3n durante 2026. Esta permanencia es vital para el factor emocional y t\u00e9cnico de Verstappen, aunque el contrato del ingeniero finaliza en <strong>2027<\/strong> y el inter\u00e9s de otros equipos l\u00edderes sigue siendo una amenaza constante a largo plazo.<\/p>\n<h2>La marcha de mec\u00e1nicos e ingenieros a Audi y Williams debilita la estructura de Red Bull<\/h2>\n<p>A pesar del \u00e9xito que supone retener a Lambiase, la realidad en el garaje de Red Bull es de cambio y cierta incertidumbre. El equipo que rodea directamente al cuatro veces campe\u00f3n del mundo ha sufrido bajas sensibles que afectan a la operativa diaria del coche. Seg\u00fan los \u00faltimos datos, <strong>Matt Caller<\/strong>, quien fuera el <strong>primer mec\u00e1nico de Verstappen<\/strong> y una figura de su m\u00e1xima confianza, ha decidido unirse al <a href=\"https:\/\/www.autonocion.com\/motornocion\/audi-f1-2026-coche-listo-motor-r26\/\">proyecto de Audi para 2026<\/a>. Aunque su hermano gemelo, Jon Caller, ha asumido su lugar para mantener cierta continuidad, la p\u00e9rdida de experiencia acumulada durante los a\u00f1os de dominio es un factor que el equipo tendr\u00e1 que gestionar con cuidado en las primeras carreras del a\u00f1o.<\/p>\n<p>Este movimiento hacia la marca alemana no es el \u00fanico que preocupa en el entorno de Verstappen. <strong>David Mart<\/strong>, el <strong>ingeniero responsable de los motores del neerland\u00e9s<\/strong>, tambi\u00e9n ha confirmado su <strong>salida hacia Audi<\/strong>, dejando una vacante cr\u00edtica en un momento donde Red Bull estrena su propio motor. A esto se suma la marcha de <strong>Michael Manning<\/strong>, <strong>ingeniero de control<\/strong>, que ha sido sustituido por <strong>Geoff Ayton<\/strong>, y el anuncio de <strong>Tom Hart, actual ingeniero de rendimiento<\/strong>, quien ha aceptado una oferta de <strong>Williams<\/strong>. Estas salidas consecutivas dibujan un escenario de remodelaci\u00f3n profunda en un momento donde la estabilidad t\u00e9cnica es m\u00e1s necesaria que nunca debido al cambio radical en el reglamento de la F\u00f3rmula 1.<\/p>\n<h2>Los test de Barcelona ser\u00e1n la primera prueba de fuego para el nuevo equipo de Verstappen<\/h2>\n<p>Con todo, la F\u00f3rmula 1 regresar\u00e1 a la acci\u00f3n en el circuito de <strong>Barcelona<\/strong> con una tanda de <strong>test privados<\/strong> a puerta cerrada, donde los equipos podr\u00e1n poner a prueba sus nuevos chasis y unidades de potencia. Para Red Bull, estas jornadas no solo servir\u00e1n para comprobar el rendimiento del monoplaza, sino para evaluar c\u00f3mo funciona la nueva estructura humana que asiste a Verstappen.<\/p>\n<p>El piloto neerland\u00e9s es conocido por su <strong>exigencia y por la necesidad de tener un equipo que funcione<\/strong> como un reloj; cualquier desajuste en la comunicaci\u00f3n o en el trabajo de los mec\u00e1nicos nuevos podr\u00eda generar tensiones en un inicio de campa\u00f1a que se prev\u00e9 extremadamente competitivo.<\/p>\n<blockquote class=\"instagram-media\" style=\"background: #FFF; border: 0; border-radius: 3px; box-shadow: 0 0 1px 0 rgba(0,0,0,0.5),0 1px 10px 0 rgba(0,0,0,0.15); margin: 1px; max-width: 540px; min-width: 326px; padding: 0; width: calc(100% - 2px);\" data-instgrm-captioned=\"\" data-instgrm-permalink=\"https:\/\/www.instagram.com\/p\/DTvUUc7DGr4\/?utm_source=ig_embed&amp;utm_campaign=loading\" data-instgrm-version=\"14\">\n<div style=\"padding: 16px;\">\n<p>&nbsp;<\/p>\n<div style=\"display: flex; flex-direction: row; align-items: center;\">\n<div style=\"background-color: #f4f4f4; border-radius: 50%; flex-grow: 0; height: 40px; margin-right: 14px; width: 40px;\"><\/div>\n<div style=\"display: flex; flex-direction: column; flex-grow: 1; justify-content: center;\">\n<div style=\"background-color: #f4f4f4; border-radius: 4px; flex-grow: 0; height: 14px; margin-bottom: 6px; width: 100px;\"><\/div>\n<div style=\"background-color: #f4f4f4; border-radius: 4px; flex-grow: 0; height: 14px; width: 60px;\"><\/div>\n<\/div>\n<\/div>\n<div style=\"padding: 19% 0;\"><\/div>\n<div style=\"display: block; height: 50px; margin: 0 auto 12px; width: 50px;\"><\/div>\n<div style=\"padding-top: 8px;\">\n<div style=\"color: #3897f0; font-family: Arial,sans-serif; font-size: 14px; font-style: normal; font-weight: 550; line-height: 18px;\">Ver esta publicaci\u00f3n en Instagram<\/div>\n<\/div>\n<div style=\"padding: 12.5% 0;\"><\/div>\n<div style=\"display: flex; flex-direction: row; margin-bottom: 14px; align-items: center;\">\n<div>\n<div style=\"background-color: #f4f4f4; border-radius: 50%; height: 12.5px; width: 12.5px; transform: translateX(0px) translateY(7px);\"><\/div>\n<div style=\"background-color: #f4f4f4; height: 12.5px; transform: rotate(-45deg) translateX(3px) translateY(1px); width: 12.5px; flex-grow: 0; margin-right: 14px; margin-left: 2px;\"><\/div>\n<div style=\"background-color: #f4f4f4; border-radius: 50%; height: 12.5px; width: 12.5px; transform: translateX(9px) translateY(-18px);\"><\/div>\n<\/div>\n<div style=\"margin-left: 8px;\">\n<div style=\"background-color: #f4f4f4; border-radius: 50%; flex-grow: 0; height: 20px; width: 20px;\"><\/div>\n<div style=\"width: 0; height: 0; border-top: 2px solid transparent; border-left: 6px solid #f4f4f4; border-bottom: 2px solid transparent; transform: translateX(16px) translateY(-4px) rotate(30deg);\"><\/div>\n<\/div>\n<div style=\"margin-left: auto;\">\n<div style=\"width: 0px; border-top: 8px solid #F4F4F4; border-right: 8px solid transparent; transform: translateY(16px);\"><\/div>\n<div style=\"background-color: #f4f4f4; flex-grow: 0; height: 12px; width: 16px; transform: translateY(-4px);\"><\/div>\n<div style=\"width: 0; height: 0; border-top: 8px solid #F4F4F4; border-left: 8px solid transparent; transform: translateY(-4px) translateX(8px);\"><\/div>\n<\/div>\n<\/div>\n<div style=\"display: flex; flex-direction: column; flex-grow: 1; justify-content: center; margin-bottom: 24px;\">\n<div style=\"background-color: #f4f4f4; border-radius: 4px; flex-grow: 0; height: 14px; margin-bottom: 6px; width: 224px;\"><\/div>\n<div style=\"background-color: #f4f4f4; border-radius: 4px; flex-grow: 0; height: 14px; width: 144px;\"><\/div>\n<\/div>\n<p>&nbsp;<\/p>\n<p style=\"color: #c9c8cd; font-family: Arial,sans-serif; font-size: 14px; line-height: 17px; margin-bottom: 0; margin-top: 8px; overflow: hidden; padding: 8px 0 7px; text-align: center; text-overflow: ellipsis; white-space: nowrap;\"><a style=\"color: #c9c8cd; font-family: Arial,sans-serif; font-size: 14px; font-style: normal; font-weight: normal; line-height: 17px; text-decoration: none;\" href=\"https:\/\/www.instagram.com\/p\/DTvUUc7DGr4\/?utm_source=ig_embed&amp;utm_campaign=loading\" target=\"_blank\" rel=\"noopener nofollow\">Una publicaci\u00f3n compartida de Oracle Red Bull Racing (@redbullracing)<\/a><\/p>\n<\/div>\n<\/blockquote>\n<p><script async src=\"\/\/www.instagram.com\/embed.js\"><\/script><\/p>\n<p>La incertidumbre sobre el funcionamiento interno de Red Bull se produce en un contexto donde el equipo ha tenido que <strong>invertir recursos ingentes en su nueva divisi\u00f3n de motores<\/strong>. El reto de fabricar su propia unidad de potencia para 2026 ya era suficientemente complejo sin tener que lidiar con una \u00abespantada\u00bb de personal cualificado.<\/p>\n<p>As\u00ed, Verstappen comienza este nuevo ciclo reglamentario con la seguridad de tener a su ingeniero de confianza a su lado, pero con un <strong>equipo de apoyo que ha tenido que reconstruirse<\/strong> a marchas forzadas. La capacidad de estos nuevos perfiles para adaptarse a la velocidad de trabajo que exige el campe\u00f3n determinar\u00e1 si Red Bull puede mantener su hegemon\u00eda o si las grietas en su n\u00facleo duro terminar\u00e1n pasando factura en la pista.<\/p>\n","protected":false},"excerpt":{"rendered":"<p>El inicio de la temporada 2026 de F1 se presenta como uno de los mayores desaf\u00edos en la carrera de &#8230; <\/p>\n<p class=\"read-more-container\"><a title=\"La estabilidad de Verstappen en Red Bull peligra por la salida de sus t\u00e9cnicos de confianza\" class=\"read-more button\" href=\"https:\/\/www.autonocion.com\/motornocion\/verstappen-red-bull-fuga-tecnicos\/#more-3207\" aria-label=\"Leer m\u00e1s sobre La estabilidad de Verstappen en Red Bull peligra por la salida de sus t\u00e9cnicos de confianza\">Read more<\/a><\/p>\n","protected":false},"author":4,"featured_media":3211,"comment_status":"closed","ping_status":"closed","sticky":false,"template":"","format":"standard","meta":{"_acf_changed":false,"footnotes":""},"categories":[5],"tags":[48,47],"class_list":["post-3207","post","type-post","status-publish","format-standard","has-post-thumbnail","hentry","category-f1","tag-max-verstappen","tag-red-bull","resize-featured-image"],"acf":[],"_links":{"self":[{"href":"https:\/\/www.autonocion.com\/motornocion\/wp-json\/wp\/v2\/posts\/3207","targetHints":{"allow":["GET"]}}],"collection":[{"href":"https:\/\/www.autonocion.com\/motornocion\/wp-json\/wp\/v2\/posts"}],"about":[{"href":"https:\/\/www.autonocion.com\/motornocion\/wp-json\/wp\/v2\/types\/post"}],"author":[{"embeddable":true,"href":"https:\/\/www.autonocion.com\/motornocion\/wp-json\/wp\/v2\/users\/4"}],"replies":[{"embeddable":true,"href":"https:\/\/www.autonocion.com\/motornocion\/wp-json\/wp\/v2\/comments?post=3207"}],"version-history":[{"count":1,"href":"https:\/\/www.autonocion.com\/motornocion\/wp-json\/wp\/v2\/posts\/3207\/revisions"}],"predecessor-version":[{"id":3212,"href":"https:\/\/www.autonocion.com\/motornocion\/wp-json\/wp\/v2\/posts\/3207\/revisions\/3212"}],"wp:featuredmedia":[{"embeddable":true,"href":"https:\/\/www.autonocion.com\/motornocion\/wp-json\/wp\/v2\/media\/3211"}],"wp:attachment":[{"href":"https:\/\/www.autonocion.com\/motornocion\/wp-json\/wp\/v2\/media?parent=3207"}],"wp:term":[{"taxonomy":"category","embeddable":true,"href":"https:\/\/www.autonocion.com\/motornocion\/wp-json\/wp\/v2\/categories?post=3207"},{"taxonomy":"post_tag","embeddable":true,"href":"https:\/\/www.autonocion.com\/motornocion\/wp-json\/wp\/v2\/tags?post=3207"}],"curies":[{"name":"wp","href":"https:\/\/api.w.org\/{rel}","templated":true}]}}