{"id":3048,"date":"2026-01-21T10:00:58","date_gmt":"2026-01-21T09:00:58","guid":{"rendered":"https:\/\/www.autonocion.com\/motornocion\/?p=3048"},"modified":"2026-01-21T10:00:58","modified_gmt":"2026-01-21T09:00:58","slug":"audi-f1-2026-coche-listo-motor-r26","status":"publish","type":"post","link":"https:\/\/www.autonocion.com\/motornocion\/audi-f1-2026-coche-listo-motor-r26\/","title":{"rendered":"Audi presenta su ambicioso proyecto para la F1 2026 con el coche listo y los plazos cumplidos"},"content":{"rendered":"<p><a href=\"https:\/\/www.autonocion.com\/motornocion\/honda-audi-ford-motores-f1-2026-mercedes\/\"><strong>Audi<\/strong> <\/a>ha hecho oficial su entrada en la F\u00f3rmula 1 con la presentaci\u00f3n de su monoplaza para la temporada 2026. Este martes 20 de enero, la marca de los cuatro aros ha mostrado al mundo el coche con el que pretende desafiar el orden establecido en la parrilla de <a href=\"https:\/\/www.autonocion.com\/motornocion\/f1\/\">F1<\/a>.<\/p>\n<h2>Audi cumple con los plazos para estrenarse en la F1 2026<\/h2>\n<p>Y es que m\u00e1s all\u00e1 de la est\u00e9tica y los colores que ya conocimos en noviembre, el proyecto de <strong>Neuburg<\/strong> destaca por una planificaci\u00f3n minuciosa que, por el momento, <strong>cumple estrictamente con los tiempos previstos<\/strong> para llegar al primer Gran Premio con plenas garant\u00edas operativas.<\/p>\n<p>La presentaci\u00f3n oficial ha servido para confirmar que el proyecto de Audi (Audi Revolut F1 Team, como es ya su nombre oficial), es un <strong>despliegue t\u00e9cnico de primer nivel<\/strong>. A partir de este a\u00f1o, el monoplaza hereda la estructura de Sauber, pero con una integraci\u00f3n total de la unidad de potencia desarrollada \u00edntegramente en Alemania. Los ingenieros han trabajado en un dise\u00f1o que prioriza la eficiencia aerodin\u00e1mica, adapt\u00e1ndose a las nuevas exigencias de una normativa que otorga un peso fundamental a la parte el\u00e9ctrica del motor.<\/p>\n<p>Y es que el equipo llega a este punto con la satisfacci\u00f3n de haber <strong>cumplido los hitos del calendario de desarrollo<\/strong>. A diferencia de otros proyectos que sufrieron retrasos en sus inicios, en la f\u00e1brica de Neuburg se respira tranquilidad. Los componentes cr\u00edticos han <strong>superado las pruebas de fiabilidad<\/strong> en el banco de potencia y el ensamblaje del primer chasis de competici\u00f3n se ha realizado seg\u00fan lo planeado, lo que permite a la escuder\u00eda <strong>afrontar la pretemporada sin las urgencias de \u00faltima hora<\/strong> que suelen lastrar a los equipos debutantes.<\/p>\n<p>Aunque la unidad presentada todav\u00eda es un modelo de exhibici\u00f3n en zonas clave como los pontones y la carrocer\u00eda, el monoplaza ya permite observar el impacto del nuevo reglamento que entra en vigor en 2026. Con el respaldo de patrocinadores de peso como <strong>Revolut<\/strong>, <b>Qatar<\/b>, <b>Adidas<\/b> y <b>BP<\/b>, la firma alemana afronta su debut con cautela. Son conscientes de que han tenido que empezar de cero para fabricar su primer motor, pero conf\u00edan en utilizar la base de la f\u00e1brica de Sauber en Suiza para evolucionar hasta convertirse en un <strong>equipo ganador en 2030<\/strong>.<\/p>\n<h2>Audi rodar\u00e1 en Barcelona con una unidad de potencia provisional para asegurar la fiabilidad<\/h2>\n<p>Uno de los puntos clave de este inicio de a\u00f1o se vivir\u00e1 en los pr\u00f3ximos test de pretemporada a puerta cerrada en el <strong>Circuit de Barcelona-Catalunya<\/strong>. Seg\u00fan nuestras informaciones, y tal como ya adelantamos, Audi no pondr\u00e1 toda la carne en el asador desde el primer minuto. <strong>El equipo de H\u00fclkenberg y Bortoleto rodar\u00e1 en Barcelona con una configuraci\u00f3n de su unidad de potencia que <a href=\"https:\/\/www.grada3.com\/2025\/12\/12\/audi-test-barcelona-motor-version-inicial-australia\/\" rel=\"nofollow noopener\" target=\"_blank\">no ser\u00e1 la definitiva<\/a> con la que debutar\u00e1n en la primera carrera en Australia<\/strong>.<\/p>\n<p>Esta decisi\u00f3n responde a un plan de prudencia y, sobre todo, de <strong>recolecci\u00f3n de datos<\/strong>. En lugar de buscar la m\u00e1xima potencia y arriesgarse a aver\u00edas que detengan el rodaje, los t\u00e9cnicos de los cuatro aros se centrar\u00e1n en <strong>validar la integraci\u00f3n del motor con el chasis<\/strong> y en comprobar el <strong>comportamiento del coche en condiciones reales<\/strong> de pista. Se trata de una fase de &#8216;mapeo&#8217; donde el rendimiento puro queda en un segundo plano frente a la necesidad de <strong>acumular kil\u00f3metros<\/strong> y entender la aerodin\u00e1mica del monoplaza, su denominado R26. La versi\u00f3n final del <a href=\"https:\/\/www.autonocion.com\/motornocion\/honda-audi-ford-motores-f1-2026-mercedes\/\">motor de Audi en F1<\/a>, con todo el potencial el\u00e9ctrico desbloqueado, no aparecer\u00e1 hasta las \u00faltimas jornadas de pruebas o incluso el primer fin de semana de carreras (6-8 de marzo).<\/p>\n<h2>Objetivo zona de puntos: el plan de Audi para debutar sin las urgencias de la clase media<\/h2>\n<p>El plan de Audi para este a\u00f1o de debut es realista pero ambicioso. La marca es consciente de que batir a equipos con d\u00e9cadas de experiencia acumulada no suceder\u00e1 de la noche a la ma\u00f1ana. Por ello, el objetivo principal para las primeras citas del calendario es la fiabilidad absoluta. <strong>Terminar carreras<\/strong> y entrar de forma regular en la <strong>zona de puntos<\/strong> se considera el \u00e9xito m\u00ednimo para un equipo que cuenta con el respaldo de un gigante del autom\u00f3vil.<\/p>\n<figure id=\"attachment_3071\" aria-describedby=\"caption-attachment-3071\" style=\"width: -10px\" class=\"wp-caption aligncenter\"><img loading=\"lazy\" decoding=\"async\" class=\"wp-image-3071 size-full\" src=\"https:\/\/www.autonocion.com\/motornocion\/wp-content\/uploads\/2026\/01\/audi-f1-2026-barcelona-australia.jpg\" alt=\"Audi F1 2026 Barcelona Australia\" width=\"1800\" height=\"1013\" srcset=\"https:\/\/www.autonocion.com\/motornocion\/wp-content\/uploads\/2026\/01\/audi-f1-2026-barcelona-australia.jpg 1800w, https:\/\/www.autonocion.com\/motornocion\/wp-content\/uploads\/2026\/01\/audi-f1-2026-barcelona-australia-300x169.jpg 300w, https:\/\/www.autonocion.com\/motornocion\/wp-content\/uploads\/2026\/01\/audi-f1-2026-barcelona-australia-768x432.jpg 768w, https:\/\/www.autonocion.com\/motornocion\/wp-content\/uploads\/2026\/01\/audi-f1-2026-barcelona-australia-1536x864.jpg 1536w\" sizes=\"auto, (max-width: 1800px) 100vw, 1800px\" \/><figcaption id=\"caption-attachment-3071\" class=\"wp-caption-text\">Audi Media Center<\/figcaption><\/figure>\n<p>La estructura liderada por Jonathan Wheatley y Mattia Binotto ha dise\u00f1ado una progresi\u00f3n constante de mejoras que se ir\u00e1n introduciendo a medida que avance el campeonato. El enfoque est\u00e1 puesto en aprender de la <strong>gesti\u00f3n de los neum\u00e1ticos<\/strong> y del <strong>consumo de energ\u00eda<\/strong>, dos factores que ser\u00e1n determinantes con el nuevo reglamento.<\/p>\n<p>Lo cierto es que Audi no quiere ser un equipo de mitad de tabla que se estanque, sino una escuder\u00eda que demuestre una <strong>capacidad de reacci\u00f3n y evoluci\u00f3n<\/strong> similar a la de las grandes potencias actuales como McLaren, Mercedes o Red Bull.<\/p>\n<h2>Audi completa la fabricaci\u00f3n del R26 y tiene su monoplaza listo para el debut en Australia<\/h2>\n<p>La gran ventaja competitiva de Audi en este inicio de 2026 ha sido su estabilidad interna. Mientras otros equipos han tenido que lidiar con cambios de personal o ajustes presupuestarios, el proyecto alem\u00e1n ha avanzado con paso firme gracias a una <strong>inversi\u00f3n asegurada y a la toma de control total de las instalaciones<\/strong> en Suiza. Los plazos de entrega de piezas y la log\u00edstica de transporte para las primeras carreras transoce\u00e1nicas ya est\u00e1n cerrados, lo que minimiza cualquier foco de distracci\u00f3n para los pilotos.<\/p>\n<p>La <strong>aerodin\u00e1mica<\/strong> mostrada en este coche, especialmente en los alerones delanteros y en los desviadores que marcan el inicio del suelo, anticipa un <strong>cambio de filosof\u00eda<\/strong>. La nueva normativa obliga a que el aire sucio circule por el interior del veh\u00edculo y el fondo plano. El objetivo es evitar que los perseguidores sufran las turbulencias que dificultaban los adelantamientos en los a\u00f1os anteriores. Facilitar las maniobras en pista es la gran obsesi\u00f3n de la categor\u00eda y ahora queda ver si esta apuesta t\u00e9cnica se traduce en espect\u00e1culo real sobre el asfalto.<\/p>\n<p><strong>Nico H\u00fclkenberg y Gabriel Bortoleto<\/strong> tienen ante s\u00ed la tarea de transformar todo este trabajo de despacho y f\u00e1brica en resultados sobre el asfalto. Con la seguridad de tener un equipo que llega a la cita inaugural con los deberes hechos y <strong>sin retrasos en la producci\u00f3n<\/strong>, la escuder\u00eda podr\u00e1 centrarse exclusivamente en extraer el potencial de un coche que promete ser la gran inc\u00f3gnita y la gran esperanza de la nueva F\u00f3rmula 1.<\/p>\n","protected":false},"excerpt":{"rendered":"<p>Audi ha hecho oficial su entrada en la F\u00f3rmula 1 con la presentaci\u00f3n de su monoplaza para la temporada 2026. &#8230; <\/p>\n<p class=\"read-more-container\"><a title=\"Audi presenta su ambicioso proyecto para la F1 2026 con el coche listo y los plazos cumplidos\" class=\"read-more button\" href=\"https:\/\/www.autonocion.com\/motornocion\/audi-f1-2026-coche-listo-motor-r26\/#more-3048\" aria-label=\"Leer m\u00e1s sobre Audi presenta su ambicioso proyecto para la F1 2026 con el coche listo y los plazos cumplidos\">Read more<\/a><\/p>\n","protected":false},"author":4,"featured_media":3063,"comment_status":"closed","ping_status":"closed","sticky":false,"template":"","format":"standard","meta":{"_acf_changed":false,"footnotes":""},"categories":[5],"tags":[42],"class_list":["post-3048","post","type-post","status-publish","format-standard","has-post-thumbnail","hentry","category-f1","tag-audi","resize-featured-image"],"acf":[],"_links":{"self":[{"href":"https:\/\/www.autonocion.com\/motornocion\/wp-json\/wp\/v2\/posts\/3048","targetHints":{"allow":["GET"]}}],"collection":[{"href":"https:\/\/www.autonocion.com\/motornocion\/wp-json\/wp\/v2\/posts"}],"about":[{"href":"https:\/\/www.autonocion.com\/motornocion\/wp-json\/wp\/v2\/types\/post"}],"author":[{"embeddable":true,"href":"https:\/\/www.autonocion.com\/motornocion\/wp-json\/wp\/v2\/users\/4"}],"replies":[{"embeddable":true,"href":"https:\/\/www.autonocion.com\/motornocion\/wp-json\/wp\/v2\/comments?post=3048"}],"version-history":[{"count":5,"href":"https:\/\/www.autonocion.com\/motornocion\/wp-json\/wp\/v2\/posts\/3048\/revisions"}],"predecessor-version":[{"id":3090,"href":"https:\/\/www.autonocion.com\/motornocion\/wp-json\/wp\/v2\/posts\/3048\/revisions\/3090"}],"wp:featuredmedia":[{"embeddable":true,"href":"https:\/\/www.autonocion.com\/motornocion\/wp-json\/wp\/v2\/media\/3063"}],"wp:attachment":[{"href":"https:\/\/www.autonocion.com\/motornocion\/wp-json\/wp\/v2\/media?parent=3048"}],"wp:term":[{"taxonomy":"category","embeddable":true,"href":"https:\/\/www.autonocion.com\/motornocion\/wp-json\/wp\/v2\/categories?post=3048"},{"taxonomy":"post_tag","embeddable":true,"href":"https:\/\/www.autonocion.com\/motornocion\/wp-json\/wp\/v2\/tags?post=3048"}],"curies":[{"name":"wp","href":"https:\/\/api.w.org\/{rel}","templated":true}]}}