{"id":3020,"date":"2026-01-20T21:00:57","date_gmt":"2026-01-20T20:00:57","guid":{"rendered":"https:\/\/www.autonocion.com\/motornocion\/?p=3020"},"modified":"2026-02-02T10:55:08","modified_gmt":"2026-02-02T09:55:08","slug":"alemania-coches-electricos-subvenciones","status":"publish","type":"post","link":"https:\/\/www.autonocion.com\/motornocion\/alemania-coches-electricos-subvenciones\/","title":{"rendered":"Alemania recupera su programa de ayudas por comprar coches el\u00e9ctricos"},"content":{"rendered":"<p><strong>Alemania<\/strong> es una de los pa\u00edses de la <strong>Uni\u00f3n Europea<\/strong> que m\u00e1s fuerte ha apostado por los <a href=\"https:\/\/www.autonocion.com\/motornocion\/hyundai-adios-electrico-eco\/\"><strong>coches el\u00e9ctricos<\/strong><\/a>. Pero como si se tratara de un efecto yoy\u00f3, cuando ha implementado ayudas, las ventas han crecido, pero cuando las han retirado, esperando que la tendencia siguiera su curso, se han llevado un chasco y han vuelto a reducir las ventas. As\u00ed que, de nuevo, y para evitar que vuelvan a aumentar la venta de <a href=\"https:\/\/www.autonocion.com\/motornocion\/cambio-precios-gasolina-diesel-2026\/\"><strong>coches de combusti\u00f3n tradicional<\/strong><\/a>, apuesta de nuevo por las subvenciones para impulsar las ventas, una rectificaci\u00f3n que busca volver a aumentar la venta de <strong>coches<\/strong>\u00a0<strong>el\u00e9ctricos.<\/strong> Este cambio de rumbo, lejos de favorecer \u00fanicamente a <strong>Alemania,<\/strong> tiene implicaciones en todo el continente europeo, incluido Espa\u00f1a, un pa\u00eds ligado a la industria automovil\u00edstica.<\/p>\n<h2>Alemania y los coches el\u00e9ctricos<\/h2>\n<p>Despu\u00e9s de varios a\u00f1os con ayudas y subvenciones a los coches el\u00e9ctricos, <strong>Alemania<\/strong> confiaba en que la tendencia se mantuviera aun retirando las ayudas. Tres a\u00f1os despu\u00e9s, al ver que ha supuesto el efecto contrario, ha rectificado y ha vuelto a poner a disposici\u00f3n de sus ciudadanos, medidas para que se decidan por el cambio de <a href=\"https:\/\/www.autonocion.com\/motornocion\/dgt-triangulos-baliza-v-16\/\"><strong>veh\u00edculo<\/strong> <\/a>y elijan esta opci\u00f3n que favorece al medio ambiente.<\/p>\n<p>Para impulsar de nuevo las ventas de un mercado que se ha ralentizado, el Gobierno alem\u00e1n ha puesto en marcha un programa que ofrece ayudas que van desde los 1.500 euros a los 6.000 euros por veh\u00edculo, con el objetivo de darle un empuj\u00f3n a unas cifras de venta por debajo de lo esperado.<\/p>\n<h2>Una estrategia fallida<\/h2>\n<p>Las ayudas, conocidas como <strong>Umweltbonus<\/strong>, supusieron un frenazo inesperado en las ventas de veh\u00edculos el\u00e9ctricos con su retirada. Las <strong>matriculaciones cayeron m\u00e1s de un 30%,<\/strong> lo que supuso un da\u00f1o importante a unos fabricantes que esperaban m\u00e1s ventas. El pa\u00eds pas\u00f3 de ser un referente en ventas a convertirse en un problema.<\/p>\n<p>El a\u00f1o que m\u00e1s da\u00f1o hizo el fin de las ayudas fue el 2024, donde las venas cayeron un 27%. El a\u00f1o pasado volvieron a crecer, un 43%, cifras que segu\u00edan muy por debajo de lo esperado. Esto ha llevado al Gobierno alem\u00e1n a reflexionar sobre la transici\u00f3n ecol\u00f3gica, llegando a la conclusi\u00f3n de que, si quieren avanzar en materia <a href=\"https:\/\/www.autonocion.com\/motornocion\/oficial-fechas-etiqueta-b\/\"><strong>medioambiental<\/strong><\/a>, tendr\u00e1n que hacerlo desde las instituciones.<\/p>\n<h2>Subvenciones para las rentas bajas<\/h2>\n<p>Con las nuevas ayudas y <strong>subvenciones<\/strong>, quienes m\u00e1s van a salir beneficiados son las familias m\u00e1s vulnerables, que son, al fin y al cabo, las que m\u00e1s dificultades tienen para cambiar de coche dados los bajos ingresos. Este nuevo plan cuenta con un fondo de<strong> 3 mil millones de euro<\/strong>s, y el objetivo es poder fomentar la venta de <strong>800 mil veh\u00edculos.<\/strong> La ayuda principal est\u00e1 destinada a los veh\u00edculos el\u00e9ctricos, y ser\u00e1 de 3 mil euros, pero tambi\u00e9n habr\u00e1 una ayuda de 1.500 euros para los h\u00edbridos enchufables.<\/p>\n<p>El objetivo que se ha marcado el gobierno germano, es reducir la brecha entre los particulares de rentas bajas con los de rentas m\u00e1s holgadas. Por otro lado, las ayudas ser\u00e1n m\u00e1s accesibles, con menos papeleo y menos burocracia, facilitando as\u00ed los tr\u00e1mites para que acceder a las ayudas no suponga el primer obst\u00e1culo de quienes est\u00e1n pensando en cambiar de veh\u00edculos.<\/p>\n<h2>Una decisi\u00f3n clave para Espa\u00f1a<\/h2>\n<p>En Espa\u00f1a, muchas plantas de la automoci\u00f3n dependen directamente de <strong>Alemania<\/strong> y de las estrategias que lleven a cabo. Si Alemania empuja con este tipo de medidas, el efecto arrastre llega a suelo espa\u00f1ol con m\u00e1s producci\u00f3n, m\u00e1s inversi\u00f3n y mas empleo.<\/p>\n<p>Alemania quiere volver a estar en la cabeza en el mercado de los <strong>coches el\u00e9ctricos,<\/strong> quiere liderar una transici\u00f3n que va poco a poco, y necesita de las grandes instituciones para acabar de dar el impulso a una poblaci\u00f3n que no acaba de estar convencido con el cambio de tendencia.<\/p>\n","protected":false},"excerpt":{"rendered":"<p>Alemania es una de los pa\u00edses de la Uni\u00f3n Europea que m\u00e1s fuerte ha apostado por los coches el\u00e9ctricos. Pero &#8230; <\/p>\n<p class=\"read-more-container\"><a title=\"Alemania recupera su programa de ayudas por comprar coches el\u00e9ctricos\" class=\"read-more button\" href=\"https:\/\/www.autonocion.com\/motornocion\/alemania-coches-electricos-subvenciones\/#more-3020\" aria-label=\"Leer m\u00e1s sobre Alemania recupera su programa de ayudas por comprar coches el\u00e9ctricos\">Read more<\/a><\/p>\n","protected":false},"author":2,"featured_media":3021,"comment_status":"closed","ping_status":"closed","sticky":false,"template":"","format":"standard","meta":{"_acf_changed":false,"footnotes":""},"categories":[4],"tags":[],"class_list":["post-3020","post","type-post","status-publish","format-standard","has-post-thumbnail","hentry","category-actualidad","resize-featured-image"],"acf":[],"_links":{"self":[{"href":"https:\/\/www.autonocion.com\/motornocion\/wp-json\/wp\/v2\/posts\/3020","targetHints":{"allow":["GET"]}}],"collection":[{"href":"https:\/\/www.autonocion.com\/motornocion\/wp-json\/wp\/v2\/posts"}],"about":[{"href":"https:\/\/www.autonocion.com\/motornocion\/wp-json\/wp\/v2\/types\/post"}],"author":[{"embeddable":true,"href":"https:\/\/www.autonocion.com\/motornocion\/wp-json\/wp\/v2\/users\/2"}],"replies":[{"embeddable":true,"href":"https:\/\/www.autonocion.com\/motornocion\/wp-json\/wp\/v2\/comments?post=3020"}],"version-history":[{"count":2,"href":"https:\/\/www.autonocion.com\/motornocion\/wp-json\/wp\/v2\/posts\/3020\/revisions"}],"predecessor-version":[{"id":3877,"href":"https:\/\/www.autonocion.com\/motornocion\/wp-json\/wp\/v2\/posts\/3020\/revisions\/3877"}],"wp:featuredmedia":[{"embeddable":true,"href":"https:\/\/www.autonocion.com\/motornocion\/wp-json\/wp\/v2\/media\/3021"}],"wp:attachment":[{"href":"https:\/\/www.autonocion.com\/motornocion\/wp-json\/wp\/v2\/media?parent=3020"}],"wp:term":[{"taxonomy":"category","embeddable":true,"href":"https:\/\/www.autonocion.com\/motornocion\/wp-json\/wp\/v2\/categories?post=3020"},{"taxonomy":"post_tag","embeddable":true,"href":"https:\/\/www.autonocion.com\/motornocion\/wp-json\/wp\/v2\/tags?post=3020"}],"curies":[{"name":"wp","href":"https:\/\/api.w.org\/{rel}","templated":true}]}}