{"id":3016,"date":"2026-01-20T16:00:48","date_gmt":"2026-01-20T15:00:48","guid":{"rendered":"https:\/\/www.autonocion.com\/motornocion\/?p=3016"},"modified":"2026-01-21T10:31:55","modified_gmt":"2026-01-21T09:31:55","slug":"baliza-v-16-robos","status":"publish","type":"post","link":"https:\/\/www.autonocion.com\/motornocion\/baliza-v-16-robos\/","title":{"rendered":"Se multiplican los robos en los coches por la baliza V-16 en Espa\u00f1a"},"content":{"rendered":"<p>La <a href=\"https:\/\/www.autonocion.com\/motornocion\/vehiculos-extranjeros-baliza-v-16\/\"><strong>baliza V-16<\/strong><\/a>, lejos de ser una simple soluci\u00f3n de emergencia para la seguridad vial, se ha convertido en un aparato que va de pol\u00e9mica en pol\u00e9mica. Se ha puesto en duda la implantaci\u00f3n de la medida, y no son pocos los que consideran su salida al mercado responde a una medida de recaudaci\u00f3n, que beneficia a las empresas encargadas de su venta, y al <strong>Gobierno<\/strong> por la recaudaci\u00f3n millonaria del IVA.<\/p>\n<p>Y todo ello porque muchas personas denunciaban que su efectividad estaba en entredicho, un discurso que la <a href=\"https:\/\/www.autonocion.com\/motornocion\/estafa-baliza-v16-dgt\/\"><strong>DGT<\/strong> <\/a>rechazaba pero que, a medida que su uso es obligatorio y se extiende, se ha evidenciado que, efectivamente, en muchas situaciones supone m\u00e1s un peligro que una ayuda. Pero lo que nadie pod\u00eda esperar es el nuevo escenario, y el que han crecido el n\u00famero de <strong>robos en los veh\u00edculos<\/strong>. Con la nueva normativa, los ladrones saben que dentro de la mayor\u00eda de los veh\u00edculos cuentan con un dispositivo que tendr\u00e1 una salida f\u00e1cil en el mercado de segunda mano. Y hay pocas soluciones para evitar que esta tendencia siga creciendo.<\/p>\n<h2>Robo de las balizas V-16<\/h2>\n<p>Alrededor de <strong>15 millones de balizas V-16<\/strong> ya se encuentran dentro de los millones de <a href=\"https:\/\/www.autonocion.com\/motornocion\/hyundai-adios-electrico-eco\/\"><strong>veh\u00edculos<\/strong> <\/a>del pa\u00eds, y muchos de ellos, est\u00e1n todo el d\u00eda en la calle, sin la protecci\u00f3n que brinda poder aparcar tu veh\u00edculo en un garaje propio o de una comunidad de vecinos. Las calles de toda Espa\u00f1a est\u00e1n llenas de coches aparcados, y este nuevo elemento, se ha convertido en un blanco muy f\u00e1cil para los ladrones. Loa ladrones sabe que, seg\u00fan la media, la mitad de los coches del pa\u00eds cuentan con el nuevo dispositivo.<\/p>\n<p>Por este motivo, la polic\u00eda ha lanzado una advertencia sobre la proliferaci\u00f3n de estos robos en las ciudades espa\u00f1olas, con el objetivo de robar las <strong>balizas V-16<\/strong>. Para quienes sufren estos robos, ya no solo es la p\u00e9rdida del dispositivo, es tener que enfrentarse a un pago extra para reparar la ventanilla.<\/p>\n<p>Lo peor de todo, que la polic\u00eda sabe que es complicado frenar esta oleada de robos, sobre todo, porque, para los ladrones, es f\u00e1cil de revender y, es complicado que los ciudadanos se lleven consigo la baliza cada vez que abandonan el coche.<\/p>\n<h2>La baliza V-16 y un negocio ilegal<\/h2>\n<p>A poco que se navegue por las p\u00e1ginas webs de compraventa, se pueden identificar cientos de modelos homologados a la venta, por un precio excesivamente bajo. Un hecho llamativo, dada la novedad del producto, que suele tener un coste que va de los 3<strong>0 a los 40 euros<\/strong>, y que, son embargo, se pueden encontrar en estos portales por precios que van de los <strong>5 a los 20 euros<\/strong>.<\/p>\n<p>Pero los perjudicados de estos robos no son solo particulares: empresas dedicadas a la venta de estas balizas, o empresas de transporte, han sufrido robos relacionados con las balizas V-16 en los \u00faltimos meses.<\/p>\n<h2>C\u00f3mo evitar los robos<\/h2>\n<p>La <a href=\"https:\/\/www.autonocion.com\/suzuki-jimny-policia-australia\/\"><strong>Polic\u00eda<\/strong> <\/a>y la <strong>DGT<\/strong> son conscientes de que hay pocas soluciones para evitar esta oleada de robos. Los ladrones m\u00e1s experimentados cuentan con dispositivos capaces de detectar se\u00f1ales digitales dentro de los veh\u00edculos, aunque estos est\u00e9n escondidos. Y los menos experimentados, optan por, simplemente, romper los cristales y comprobar si hay alg\u00fan dispositivo en la guantera o en los laterales de las puertas, por lo que, llevarse la baliza encima, podr\u00eda solucionar parte del problema en algunos casos, no en todos. Aun as\u00ed, lo ideal es no dejar la baliza a la vista, y, en los casos que no suponga un problema, llev\u00e1rsela una vez que se deja el coche estacionado en el exterior.<\/p>\n<p>Las <strong>balizas V-16<\/strong>, ya sea por un motivo o por otro, est\u00e1n siempre en el centro de la pol\u00e9mica, si no es por su funcionamiento, es por el efecto llamada que provoca en los ladrones.<\/p>\n","protected":false},"excerpt":{"rendered":"<p>La baliza V-16, lejos de ser una simple soluci\u00f3n de emergencia para la seguridad vial, se ha convertido en un &#8230; <\/p>\n<p class=\"read-more-container\"><a title=\"Se multiplican los robos en los coches por la baliza V-16 en Espa\u00f1a\" class=\"read-more button\" href=\"https:\/\/www.autonocion.com\/motornocion\/baliza-v-16-robos\/#more-3016\" aria-label=\"Leer m\u00e1s sobre Se multiplican los robos en los coches por la baliza V-16 en Espa\u00f1a\">Read more<\/a><\/p>\n","protected":false},"author":6,"featured_media":3017,"comment_status":"closed","ping_status":"closed","sticky":false,"template":"","format":"standard","meta":{"_acf_changed":false,"footnotes":""},"categories":[4],"tags":[],"class_list":["post-3016","post","type-post","status-publish","format-standard","has-post-thumbnail","hentry","category-actualidad","resize-featured-image"],"acf":[],"_links":{"self":[{"href":"https:\/\/www.autonocion.com\/motornocion\/wp-json\/wp\/v2\/posts\/3016","targetHints":{"allow":["GET"]}}],"collection":[{"href":"https:\/\/www.autonocion.com\/motornocion\/wp-json\/wp\/v2\/posts"}],"about":[{"href":"https:\/\/www.autonocion.com\/motornocion\/wp-json\/wp\/v2\/types\/post"}],"author":[{"embeddable":true,"href":"https:\/\/www.autonocion.com\/motornocion\/wp-json\/wp\/v2\/users\/6"}],"replies":[{"embeddable":true,"href":"https:\/\/www.autonocion.com\/motornocion\/wp-json\/wp\/v2\/comments?post=3016"}],"version-history":[{"count":1,"href":"https:\/\/www.autonocion.com\/motornocion\/wp-json\/wp\/v2\/posts\/3016\/revisions"}],"predecessor-version":[{"id":3122,"href":"https:\/\/www.autonocion.com\/motornocion\/wp-json\/wp\/v2\/posts\/3016\/revisions\/3122"}],"wp:featuredmedia":[{"embeddable":true,"href":"https:\/\/www.autonocion.com\/motornocion\/wp-json\/wp\/v2\/media\/3017"}],"wp:attachment":[{"href":"https:\/\/www.autonocion.com\/motornocion\/wp-json\/wp\/v2\/media?parent=3016"}],"wp:term":[{"taxonomy":"category","embeddable":true,"href":"https:\/\/www.autonocion.com\/motornocion\/wp-json\/wp\/v2\/categories?post=3016"},{"taxonomy":"post_tag","embeddable":true,"href":"https:\/\/www.autonocion.com\/motornocion\/wp-json\/wp\/v2\/tags?post=3016"}],"curies":[{"name":"wp","href":"https:\/\/api.w.org\/{rel}","templated":true}]}}