{"id":2980,"date":"2026-01-19T21:00:25","date_gmt":"2026-01-19T20:00:25","guid":{"rendered":"https:\/\/www.autonocion.com\/motornocion\/?p=2980"},"modified":"2026-01-19T19:28:38","modified_gmt":"2026-01-19T18:28:38","slug":"llegara-alguien-tarde-a-los-test-asi-estan-los-equipos-a-falta-de-una-semana","status":"publish","type":"post","link":"https:\/\/www.autonocion.com\/motornocion\/llegara-alguien-tarde-a-los-test-asi-estan-los-equipos-a-falta-de-una-semana\/","title":{"rendered":"\u00bfLlegar\u00e1 alguien tarde a los test? As\u00ed est\u00e1n los equipos a falta de una semana"},"content":{"rendered":"<p><strong>La pretemporada con m\u00e1s dudas de la historia<\/strong> de la F\u00f3rmula 1 llega a su punto \u00e1lgido: <strong>solo restan siete d\u00edas para ver por primera vez a los 22 coches<\/strong> en pista. La palabra incertidumbre reina en el <em>paddock<\/em> y emerge en los rincones de cada f\u00e1brica de cada equipo. Hay tantas inc\u00f3gnitas en tantas \u00e1reas de una compleja y nueva generaci\u00f3n de monoplazas que lanzar un pron\u00f3stico al aire hoy es absurdo. <strong>Nadie sabe nada<\/strong> por muchos rumores que se publiquen. Hasta que no se vea el fuego real en el Gran Premio de Australia, imposible ordenar la parrilla ni conocer lo que tiene el resto. El caso es que no se recuerda un invierno tan exigente, duro y corto en mucho tiempo. Las f\u00e1bricas llevan semanas echando humo y, a siete d\u00edas de los test a puerta cerrada de Montmel\u00f3, entran en una<strong> fase decisiva y afrontan su primera bola de partido en Barcelona. <\/strong><\/p>\n<p>La realidad es que <strong>todos llegan justos y que ning\u00fan equipo llegar\u00e1 sobrado de tiempo<\/strong> a la ciudad Condal. Problemas como el sobrepeso de los monoplazas los est\u00e1n llevando por el camino de la amargura. Es m\u00e1s,<strong> tal vez alguno ni llegue a tiempo a rodar el primer d\u00eda<\/strong>, el lunes 26. Una fuente de un equipo de la zona media ha afirmado a este medio, conocedora de la situaci\u00f3n de varios equipos, que <strong>es posible que alguna escuder\u00eda no est\u00e9 presente el lunes en Montmel\u00f3<\/strong>. Las escuder\u00edas, por cierto, de las cinco jornadas de test que hay (26-30 enero) elegir\u00e1n tres d\u00edas para salir a pista el tiempo que deseen sin l\u00edmite en una franja horaria que arrancar\u00e1 a las ocho de la ma\u00f1ana y terminar\u00e1 sobre las cinco de la tarde.<\/p>\n<p>En este sentido, hay <strong>libertad total <\/strong>para que cada equipo se organice seg\u00fan le convenga teniendo en cuenta muchos factores. <strong>Puedes probar tu monoplaza durante el lunes y revisar datos y fallos el martes sin salir a rodar; puedes rodar los tres primeros d\u00edas y tener horas libres desde el mi\u00e9rcoles para ajustar cosas en la f\u00e1brica y pensar en Bar\u00e9in o, si llegas tarde, puedes salir a pista durante los tres \u00faltimos d\u00edas, de mi\u00e9rcoles a viernes<\/strong>. La meteorolog\u00eda tambi\u00e9n influir\u00e1 en el plan de los equipos a la hora de salir a completar kil\u00f3metros y la flexibilidad ser\u00e1 total durante esa semana. Cada equipo apostar\u00e1 por una estrategia diferente.<\/p>\n<h2>Cambios de planes<\/h2>\n<p>Los <strong>primeros camiones en llegar al Circuit<\/strong> fueron, por cierto, hace unos d\u00edas, los del equipo <strong>Alpine<\/strong>. Todo ello a pesar de que <strong>no vayan a rodar en Montmel\u00f3 antes de los test<\/strong>. S\u00ed en Silverstone en un filming day el jueves, tal y como adelant\u00f3 AutoRacer. Despu\u00e9s, <strong>se vio en carretera a los camiones de Aston Martin<\/strong> y, m\u00e1s tarde, a <strong>los del equipo Haas<\/strong>. En su caso, hasta se ha filtrado alguna imagen del montaje de sus boxes en Barcelona. Otra instant\u00e1nea que confirma la traves\u00eda de un equipo desde su f\u00e1brica hasta Espa\u00f1a tiene que ver con <strong>Ferrari<\/strong>: uno de sus camiones fue visto <strong>hace un par de d\u00edas en Plasencia rumbo a Tur\u00edn<\/strong> y ahora anda por G\u00e9nova. <strong>En unos d\u00edas deber\u00edan llegar a la ciudad Condal<\/strong> gracias a una imagen que public\u00f3 la web MemasGP.<\/p>\n<p>Poco o nada se sabe de proyectos como el de <strong>Mercedes y McLaren, que han mantenido un perfil bajo<\/strong> durante el invierno. La presencia de camiones no garantiza que el primer d\u00eda de test rueden esos equipos por el asfalto. Por otro lado, <strong>un equipo de la zona baja<\/strong>, seg\u00fan ha podido saber este medio, s\u00ed que <strong>se asomar\u00e1 al asfalto catal\u00e1n el fin de semana previo a los test<\/strong>. <strong>Otro equipo que ten\u00eda previsto rodar en Montmel\u00f3 en los pr\u00f3ximos d\u00edas se ha visto obligado a cambiar de planes por culpa del asfixiante calendario.<\/strong> Van con el agua al cuello como la mayor\u00eda. Este equipo est\u00e1 previsto que <strong>cambie la localizaci\u00f3n de su rodaje a otro pa\u00eds que, log\u00edsticamente hablando, les encaja mucho mejor<\/strong>. Les pilla al lado de casa. Cosas de esta pretemporada.<\/p>\n","protected":false},"excerpt":{"rendered":"<p>La pretemporada con m\u00e1s dudas de la historia de la F\u00f3rmula 1 llega a su punto \u00e1lgido: solo restan siete &#8230; <\/p>\n<p class=\"read-more-container\"><a title=\"\u00bfLlegar\u00e1 alguien tarde a los test? As\u00ed est\u00e1n los equipos a falta de una semana\" class=\"read-more button\" href=\"https:\/\/www.autonocion.com\/motornocion\/llegara-alguien-tarde-a-los-test-asi-estan-los-equipos-a-falta-de-una-semana\/#more-2980\" aria-label=\"Leer m\u00e1s sobre \u00bfLlegar\u00e1 alguien tarde a los test? As\u00ed est\u00e1n los equipos a falta de una semana\">Read more<\/a><\/p>\n","protected":false},"author":5,"featured_media":2981,"comment_status":"closed","ping_status":"closed","sticky":false,"template":"","format":"standard","meta":{"_acf_changed":false,"footnotes":""},"categories":[5],"tags":[28],"class_list":["post-2980","post","type-post","status-publish","format-standard","has-post-thumbnail","hentry","category-f1","tag-fernando-alonso","resize-featured-image"],"acf":[],"_links":{"self":[{"href":"https:\/\/www.autonocion.com\/motornocion\/wp-json\/wp\/v2\/posts\/2980","targetHints":{"allow":["GET"]}}],"collection":[{"href":"https:\/\/www.autonocion.com\/motornocion\/wp-json\/wp\/v2\/posts"}],"about":[{"href":"https:\/\/www.autonocion.com\/motornocion\/wp-json\/wp\/v2\/types\/post"}],"author":[{"embeddable":true,"href":"https:\/\/www.autonocion.com\/motornocion\/wp-json\/wp\/v2\/users\/5"}],"replies":[{"embeddable":true,"href":"https:\/\/www.autonocion.com\/motornocion\/wp-json\/wp\/v2\/comments?post=2980"}],"version-history":[{"count":0,"href":"https:\/\/www.autonocion.com\/motornocion\/wp-json\/wp\/v2\/posts\/2980\/revisions"}],"wp:featuredmedia":[{"embeddable":true,"href":"https:\/\/www.autonocion.com\/motornocion\/wp-json\/wp\/v2\/media\/2981"}],"wp:attachment":[{"href":"https:\/\/www.autonocion.com\/motornocion\/wp-json\/wp\/v2\/media?parent=2980"}],"wp:term":[{"taxonomy":"category","embeddable":true,"href":"https:\/\/www.autonocion.com\/motornocion\/wp-json\/wp\/v2\/categories?post=2980"},{"taxonomy":"post_tag","embeddable":true,"href":"https:\/\/www.autonocion.com\/motornocion\/wp-json\/wp\/v2\/tags?post=2980"}],"curies":[{"name":"wp","href":"https:\/\/api.w.org\/{rel}","templated":true}]}}