{"id":2974,"date":"2026-01-19T19:30:27","date_gmt":"2026-01-19T18:30:27","guid":{"rendered":"https:\/\/www.autonocion.com\/motornocion\/?p=2974"},"modified":"2026-01-19T18:59:39","modified_gmt":"2026-01-19T17:59:39","slug":"villeneuve-saca-la-cara-por-alonso-tras-2007-se-volvio-malvado-y-cruel","status":"publish","type":"post","link":"https:\/\/www.autonocion.com\/motornocion\/villeneuve-saca-la-cara-por-alonso-tras-2007-se-volvio-malvado-y-cruel\/","title":{"rendered":"Villeneuve saca la cara por Alonso tras 2007: \u00abSe volvi\u00f3 malvado y cruel\u00bb"},"content":{"rendered":"<p><strong>La herida de 2007 jam\u00e1s se cerrar\u00e1<\/strong>. La \u00fanica temporada en la que <strong>Fernando Alonso y Lewis Hamilton fueron compa\u00f1eros<\/strong> de equipo dinamit\u00f3 su relaci\u00f3n y las consecuencias de aquel a\u00f1o como pareja de pilotos de McLaren todav\u00eda duran y llegan hasta nuestros d\u00edas. Hoy, <strong>ambos campeones no son amigos pero mantienen una relaci\u00f3n cordial<\/strong> despu\u00e9s de todo lo ocurrido en aquel fat\u00eddico curso. <strong>Las consecuencias de aquella campa\u00f1a fueron fatales<\/strong> para la escuder\u00eda brit\u00e1nica y para el espa\u00f1ol.<\/p>\n<p>En el plano deportivo, <strong>perdieron el Mundial de Pilotos<\/strong> tras quitarse Alonso y Hamilton en su lucha constante cada semana y Kimi Raikkonen se aprovech\u00f3 para levantarles el t\u00edtulo. <strong>El asturiano termin\u00f3 con el equipo en contra despu\u00e9s de ver c\u00f3mo su compa\u00f1ero de equipo era favorecido<\/strong> una y otra vez por ser el ojo derecho de Ron Dennis. Tanta pol\u00e9mica y desaires en ambos lados del garaje culminaron con <strong>la salida del espa\u00f1ol y con si figura demonizada por parte de la prensa brit\u00e1nica y por parte de cierto sector del paddock<\/strong> de F\u00f3rmula 1. Entendieron que Alonso era el villano de aquella historia.<\/p>\n<p>De hecho, cuando se habla del famoso a\u00f1o 2007, <strong>es poco habitual que alguien saque la cara por Alonso.<\/strong> Alguien extranjero claro. Sin embargo, <strong>Jacques Villeneuve<\/strong> ha sorprendido con unas declaraciones en las que<strong> se pone de parte del piloto de Aston Martin y empatiza<\/strong>. Removiendo aquel curso maldito, el expiloto y ahora comentarista y analista televisivo empatiza con el comportamiento del ovetense durante aquella temporada en McLaren. \u00abRecuerda que <strong>Alonso fue fichado por el equipo como bicampe\u00f3n del mundo, lo que significaba: &#8216;Eres nuestro h\u00e9roe, eres el que est\u00e1 aqu\u00ed para ganar&#8217;<\/strong>. De repente, <strong>fichan a Lewis y todo el equipo dice: &#8216;Oye, \u00e9l es el campe\u00f3n, no t\u00fa&#8217;<\/strong>.\u00a0<strong>No se le hace eso a Alonso<\/strong>\u00ab, ha expresado Villeneuve en una entrevista en el podcast High Performance.<\/p>\n<h2>\u00abLa reacci\u00f3n de Alonso fue normal\u00bb<\/h2>\n<p><strong>El asturiano lleg\u00f3 con dos Mundiales debajo del brazo<\/strong> a McLaren en 2007. El cartel de bicampe\u00f3n con Renault le vali\u00f3 de poco con Hamilton, que entraba como novato en F\u00f3rmula 1. El brit\u00e1nico, eso s\u00ed, mostr\u00f3 velocidad desde la primera prueba del campeonato. Villeneuve recuerda ahora c\u00f3mo <strong>todo el equipo se puso de lado del actual piloto de Ferrari y c\u00f3mo dejaron a Alonso m\u00e1s bien solo.<\/strong> <strong>\u00abSe volvi\u00f3 malvado, realmente cruel<\/strong>. Su \u00fanico objetivo en ese momento era que Lewis no ganara el campeonato y \u00e9l terminara segundo. La reacci\u00f3n de Alonso fue completamente normal.\u00a0<strong>Ah\u00ed es donde se produjo el da\u00f1o al equipo, en lugar de &#8216;dejemos que Alonso gane este a\u00f1o&#8217;<\/strong>. Es el primer a\u00f1o de Lewis. Entonces <strong>habr\u00edan terminado primero y segundo en el campeonato<\/strong> en lugar de segundo y tercero\u00bb, ha expresado Villeneuve.<\/p>\n<p>El resultado final <strong>perjudic\u00f3 a la escuder\u00eda brit\u00e1nica, que termin\u00f3 dejando escapar el Mundial<\/strong> a pesar del coche r\u00e1pido que ten\u00edan. Un solo punto en Brasil marc\u00f3 la diferencia y termin\u00f3 la relaci\u00f3n entre Alonso y Hamilton tras un a\u00f1o plagado de tensiones. <strong>El espa\u00f1ol sali\u00f3, Hamilton se qued\u00f3 y Raikkonen se aprovech\u00f3 para levantar su \u00fanico t\u00edtulo.<\/strong> El cap\u00edtulo de 2007 nunca se cerrar\u00e1.<\/p>\n","protected":false},"excerpt":{"rendered":"<p>La herida de 2007 jam\u00e1s se cerrar\u00e1. La \u00fanica temporada en la que Fernando Alonso y Lewis Hamilton fueron compa\u00f1eros &#8230; <\/p>\n<p class=\"read-more-container\"><a title=\"Villeneuve saca la cara por Alonso tras 2007: \u00abSe volvi\u00f3 malvado y cruel\u00bb\" class=\"read-more button\" href=\"https:\/\/www.autonocion.com\/motornocion\/villeneuve-saca-la-cara-por-alonso-tras-2007-se-volvio-malvado-y-cruel\/#more-2974\" aria-label=\"Leer m\u00e1s sobre Villeneuve saca la cara por Alonso tras 2007: \u00abSe volvi\u00f3 malvado y cruel\u00bb\">Read more<\/a><\/p>\n","protected":false},"author":5,"featured_media":2976,"comment_status":"closed","ping_status":"closed","sticky":false,"template":"","format":"standard","meta":{"_acf_changed":false,"footnotes":""},"categories":[5],"tags":[28,36],"class_list":["post-2974","post","type-post","status-publish","format-standard","has-post-thumbnail","hentry","category-f1","tag-fernando-alonso","tag-lewis-hamilton","resize-featured-image"],"acf":[],"_links":{"self":[{"href":"https:\/\/www.autonocion.com\/motornocion\/wp-json\/wp\/v2\/posts\/2974","targetHints":{"allow":["GET"]}}],"collection":[{"href":"https:\/\/www.autonocion.com\/motornocion\/wp-json\/wp\/v2\/posts"}],"about":[{"href":"https:\/\/www.autonocion.com\/motornocion\/wp-json\/wp\/v2\/types\/post"}],"author":[{"embeddable":true,"href":"https:\/\/www.autonocion.com\/motornocion\/wp-json\/wp\/v2\/users\/5"}],"replies":[{"embeddable":true,"href":"https:\/\/www.autonocion.com\/motornocion\/wp-json\/wp\/v2\/comments?post=2974"}],"version-history":[{"count":0,"href":"https:\/\/www.autonocion.com\/motornocion\/wp-json\/wp\/v2\/posts\/2974\/revisions"}],"wp:featuredmedia":[{"embeddable":true,"href":"https:\/\/www.autonocion.com\/motornocion\/wp-json\/wp\/v2\/media\/2976"}],"wp:attachment":[{"href":"https:\/\/www.autonocion.com\/motornocion\/wp-json\/wp\/v2\/media?parent=2974"}],"wp:term":[{"taxonomy":"category","embeddable":true,"href":"https:\/\/www.autonocion.com\/motornocion\/wp-json\/wp\/v2\/categories?post=2974"},{"taxonomy":"post_tag","embeddable":true,"href":"https:\/\/www.autonocion.com\/motornocion\/wp-json\/wp\/v2\/tags?post=2974"}],"curies":[{"name":"wp","href":"https:\/\/api.w.org\/{rel}","templated":true}]}}