{"id":2955,"date":"2026-01-19T17:09:02","date_gmt":"2026-01-19T16:09:02","guid":{"rendered":"https:\/\/www.autonocion.com\/motornocion\/?p=2955"},"modified":"2026-01-21T10:29:39","modified_gmt":"2026-01-21T09:29:39","slug":"baliza-v-16-multa-chaleco-guardia-civil","status":"publish","type":"post","link":"https:\/\/www.autonocion.com\/motornocion\/baliza-v-16-multa-chaleco-guardia-civil\/","title":{"rendered":"La Guardia Civil avisa de multas de 200 euros si no llevas el chaleco reflectante en tu coche"},"content":{"rendered":"<p>Con la entrada en vigor de la <a href=\"https:\/\/www.autonocion.com\/balizas-v16-mapa-tiempo-real-privacidad\/\"><strong>Baliza V-16<\/strong><\/a>, la seguridad vial vive una nueva realidad a la hora de actuar ante aver\u00edas e incidentes en carretera. Este nuevo dispositivo, ha venido a sustituir a los m\u00edticos <a href=\"https:\/\/www.autonocion.com\/motornocion\/triangulos-balizas-v-16\/\"><strong>tri\u00e1ngulos<\/strong> <\/a>que tantos a\u00f1os nos han acompa\u00f1ado. Tal ha sido el cambio, y tanto se ha hablado de la baliza, que muchos han descuidado en el uso de otro elemento obligatorio, no de ahora, si no de los \u00faltimos a\u00f1os, y que no llevarlo acarrea una sanci\u00f3n para el infractor. Se trata de los <strong>chalecos<\/strong>, que siguen siendo un elemento de seguridad que debemos llevar en el coche, porque, aunque la recomendaci\u00f3n con la baliza en permanecer en el veh\u00edculo, si se sale de \u00e9l, no puede faltar.<\/p>\n<p>La ley en cuanto a la obligatoriedad de los <strong>chalecos reflectante<\/strong> no ha cambiado con la<strong> baliza V-16<\/strong>, y en algunas comunidades, como es el caso de Asturias, no han dudado en sancionar a quienes no cumplen con una de las normas b\u00e1sicas de seguridad que tiene como objetivo <strong>reducir el n\u00famero de atropellos<\/strong> en autopistas.<\/p>\n<h2>La baliza V-16 ya supone sanciones<\/h2>\n<p>Si bien, con la llegada del nuevo a\u00f1o, la <a href=\"https:\/\/www.autonocion.com\/motornocion\/dgt-balizas-v-16-v-27\/\"><strong>DGT<\/strong> <\/a>ha dejado un par de semanas de gracias para que todo el mundo se equipe correctamente, el director de la <strong>DGT<\/strong>, <strong>Pere Navarro<\/strong>, ha confirmado que ya no habr\u00e1 perd\u00f3n para quienes sufran una aver\u00eda y no dispongan de este elemento de seguridad en sus veh\u00edculos. \u201cEn estos momentos, si un conductor se detiene por una aver\u00eda o un incidente y no coloca la baliza <strong>V-16<\/strong>, le van a denunciar, porque as\u00ed lo marca la ley\u201d.<\/p>\n<p>En caso de que los conductores no lleven una baliza <strong>V-16<\/strong>, o esta o est\u00e1 homologada, se van a enfrentar a una sanci\u00f3n econ\u00f3mica. El precio que deber\u00e1n pagar en caso de ser sancionados, ser\u00e1 de 80 euros, aunque no supondr\u00e1 la p\u00e9rdida de puntos del carnet de conducir. Es la misma sanci\u00f3n que antes se impon\u00eda ante la falta de tri\u00e1ngulos.<\/p>\n<p>Recordemos que estas balizas, adem\u00e1s de emitir una luz que es visible hasta un kil\u00f3metro de distancia, debe poder conectarse a la <strong>DGT 3.0<\/strong>, un sistema que se encarga de avisar a las autoridades y que, al mismo tiempo, env\u00eda mensajes a los navegadores de los conductores que se aproximen a la zona, al igual que ponen avisos en paneles luminosos cercanos al incidente.<\/p>\n<h2>Los chalecos siguen siendo obligatorios<\/h2>\n<p>Desde la <strong>DGT<\/strong> se ha indicado que el \u00fanico elemento v\u00e1lido y legal desde el inicio de esta 2026 es la baliza<strong> V-16.<\/strong> Esto ha podido dar lugar a la confusi\u00f3n, porque nada se ha hablado de los chalecos reflectantes, que siguen siendo obligatorios para los peatones, un elemento que facilita la visi\u00f3n a los conductores que circulen por la v\u00eda del incidente. En este sentido, el art\u00edculo 118 del <strong>Reglamento General de Circulaci\u00f3n<\/strong> no deja lugar a la duda, todos los conductores que salgan del veh\u00edculo en v\u00edas interurbanas, tendr\u00e1n que llevar puesto un <strong>chaleco reflectante<\/strong> homologado.<\/p>\n<p>De hecho, llevarlo en el maletero, si provoca que el conductor tenga que salir del coche sin \u00e9l puesto para dirigirse a la parte trasera del veh\u00edculo, tambi\u00e9n es motivo de sanci\u00f3n. Por tanto, los chalecos deben ser accesibles desde dentro del coche.<\/p>\n<h2>Las sanciones por el chaleco<\/h2>\n<p>No llevar un <strong>chaleco reflectante homologado<\/strong>, puede salirte m\u00e1s caro que no llevar la<strong> baliza V-16<\/strong>, las multas van desde los <strong>80 a los 200 euros<\/strong>, dependiendo de las circunstancias y del peligro que conlleve tal acci\u00f3n. Son multas independientes, as\u00ed que, en el peor de los casos, un conductor que no lleve la baliza ni el chaleco, podr\u00e1 enfrentarse a dos multas que podr\u00e1n ascender, entre las dos, <strong>hasta los 280 euros<\/strong>. En el caso del chaleco, tampoco se perder\u00edan <a href=\"https:\/\/www.autonocion.com\/fecha-cambio-carnet-conducir\/\"><strong>puntos del carnet de conducir<\/strong><\/a>.<\/p>\n<p>El <strong>chaleco<\/strong> <strong>reflectante<\/strong> sigue siendo obligatorio en los veh\u00edculos, sobre todo si se produce una aver\u00eda y hay que bajarse del coche. Que suele ser todos los casos, porque, aunque la baliza busca impedir tener que abandonar el veh\u00edculo, cuando llegue las fuerzas de seguridad, es probable que, en alg\u00fan momento, haya que abandonar el veh\u00edculo, y har\u00e1 falta hacerlo con el chaleco.<\/p>\n","protected":false},"excerpt":{"rendered":"<p>Con la entrada en vigor de la Baliza V-16, la seguridad vial vive una nueva realidad a la hora de &#8230; <\/p>\n<p class=\"read-more-container\"><a title=\"La Guardia Civil avisa de multas de 200 euros si no llevas el chaleco reflectante en tu coche\" class=\"read-more button\" href=\"https:\/\/www.autonocion.com\/motornocion\/baliza-v-16-multa-chaleco-guardia-civil\/#more-2955\" aria-label=\"Leer m\u00e1s sobre La Guardia Civil avisa de multas de 200 euros si no llevas el chaleco reflectante en tu coche\">Read more<\/a><\/p>\n","protected":false},"author":6,"featured_media":2686,"comment_status":"closed","ping_status":"closed","sticky":false,"template":"","format":"standard","meta":{"_acf_changed":false,"footnotes":""},"categories":[4,6],"tags":[],"class_list":["post-2955","post","type-post","status-publish","format-standard","has-post-thumbnail","hentry","category-actualidad","category-normativa","resize-featured-image"],"acf":[],"_links":{"self":[{"href":"https:\/\/www.autonocion.com\/motornocion\/wp-json\/wp\/v2\/posts\/2955","targetHints":{"allow":["GET"]}}],"collection":[{"href":"https:\/\/www.autonocion.com\/motornocion\/wp-json\/wp\/v2\/posts"}],"about":[{"href":"https:\/\/www.autonocion.com\/motornocion\/wp-json\/wp\/v2\/types\/post"}],"author":[{"embeddable":true,"href":"https:\/\/www.autonocion.com\/motornocion\/wp-json\/wp\/v2\/users\/6"}],"replies":[{"embeddable":true,"href":"https:\/\/www.autonocion.com\/motornocion\/wp-json\/wp\/v2\/comments?post=2955"}],"version-history":[{"count":1,"href":"https:\/\/www.autonocion.com\/motornocion\/wp-json\/wp\/v2\/posts\/2955\/revisions"}],"predecessor-version":[{"id":3116,"href":"https:\/\/www.autonocion.com\/motornocion\/wp-json\/wp\/v2\/posts\/2955\/revisions\/3116"}],"wp:featuredmedia":[{"embeddable":true,"href":"https:\/\/www.autonocion.com\/motornocion\/wp-json\/wp\/v2\/media\/2686"}],"wp:attachment":[{"href":"https:\/\/www.autonocion.com\/motornocion\/wp-json\/wp\/v2\/media?parent=2955"}],"wp:term":[{"taxonomy":"category","embeddable":true,"href":"https:\/\/www.autonocion.com\/motornocion\/wp-json\/wp\/v2\/categories?post=2955"},{"taxonomy":"post_tag","embeddable":true,"href":"https:\/\/www.autonocion.com\/motornocion\/wp-json\/wp\/v2\/tags?post=2955"}],"curies":[{"name":"wp","href":"https:\/\/api.w.org\/{rel}","templated":true}]}}