{"id":2678,"date":"2026-01-17T17:00:49","date_gmt":"2026-01-17T16:00:49","guid":{"rendered":"https:\/\/www.autonocion.com\/motornocion\/?p=2678"},"modified":"2026-01-21T10:27:17","modified_gmt":"2026-01-21T09:27:17","slug":"caravanas-campers-ventas","status":"publish","type":"post","link":"https:\/\/www.autonocion.com\/motornocion\/caravanas-campers-ventas\/","title":{"rendered":"Las caravanas y campers tienen mucho que decir en Espa\u00f1a: se disparan sus ventas en 2025"},"content":{"rendered":"<p>En los \u00faltimos a\u00f1os, la venta de <a href=\"https:\/\/www.autonocion.com\/autocaravanas-crecen-2025-campers-pierden-atractivo\/\"><strong>caravanas y campers<\/strong><\/a> ha crecido de manera impensable en nuestro pa\u00eds, y aunque los datos del <strong>2025<\/strong> evidencian una <strong>ligera ca\u00edda en las ventas y matriculaciones<\/strong>, la tendencia sigue siendo cada vez m\u00e1s elevada. Este fen\u00f3meno se est\u00e1 expandiendo hacia lugares con menos densidad de poblaci\u00f3n que nunca hab\u00edan mostrado un inter\u00e9s colectivo por las caravanas y las campers. El auge parece imparable, una tendencia que est\u00e1 en claro crecimiento.<\/p>\n<p>Seg\u00fan recoge la <strong>Asociaci\u00f3n Espa\u00f1ola de la Industria y Comercio del Caravaning (ASEICAR)<\/strong> en su informe anual, una informaci\u00f3n que se base en datos directos de la Direcci\u00f3n General de Tr\u00e1fico, <a href=\"https:\/\/www.autonocion.com\/motornocion\/dgt-balizas-v-16-verano\/\"><strong>DGT<\/strong><\/a>, el a\u00f1o pasado se matricularon <strong>6.067 caravanas y campers nuevas<\/strong>. Estos datos suponen un 6% menos que en el a\u00f1o 2024. Sin embargo, si nos vamos a poblaciones m\u00e1s concretas, se observa que en ocho comunidades aut\u00f3nomas se han superado los registros del a\u00f1o 2024, lo que se\u00f1ala a las claras, un cambio de tendencia en el panorama nacional.<\/p>\n<h2>La venta de caravanas<\/h2>\n<p>Es curioso analizar estas cifras: si bien, en los <strong>grandes n\u00facleos urbanos parece haberse frenado las ventas<\/strong>, resulta sorprendente como una tendencia de las grandes urbes <strong>se ha expandido al resto de la pen\u00ednsula<\/strong>. Castilla-La Mancha es quien lidera dicho aumento, ya que las ventas han aumentado en un 26,6&amp;, despu\u00e9s de Ceuta, con un crecimiento del 23%. Aunque con un crecimiento menor, le sigue Extremadura, con un crecimiento del 12,5%, seguido de Castilla y Le\u00f3n, con el 5,2%. Madrid, Asturias y Andaluc\u00eda tambi\u00e9n registran datos positivos, ya por debajo del 5%<\/p>\n<p>El crecimiento responde a una tendencia que ha ido instaur\u00e1ndose en los \u00faltimos a\u00f1os. Las <strong>caravanas<\/strong> y las <strong>campers<\/strong> aportan una alternativa diferente para viajar, m\u00e1s econ\u00f3mica y con m\u00e1s posibilidades que permiten moverse por cualquier zona con solo ponerse al volante. Estas alternativas permiten viajar sin las preocupaciones de tener que buscar alojamientos, ofertas, y adem\u00e1s permite destinos que solo est\u00e1n al alcance de este m\u00e9todo de turismo. Y cada vez son m\u00e1s las personas que apuestan por esta forma de moverse durante sus vacaciones.<\/p>\n<h2>El liderazgo en la venta de caravanas<\/h2>\n<p>De momento, y pese al crecimiento de las peque\u00f1as comunidades, son las grandes las que siguen liderando el ranking en cuanto a matriculaci\u00f3n se refiere. Catalu\u00f1a se mantiene al frente en matriculaciones por a\u00f1o, sumando un total de 1.336 veh\u00edculos en el pasado a\u00f1o. La segunda en Andaluc\u00eda, l\u00f3gico por la extensi\u00f3n de la Comunidad, con 801 nuevas matriculaciones. En Madrid se matricularon 690, en la Comunidad Valencia fueron 576, y en el pa\u00eds vasco, un total de 557.<\/p>\n<p>Pero como decimos, el n\u00famero de matriculaciones ha descendido respecto a 2025, siendo Andaluc\u00eda la \u00fanica de las grandes comunidades que ha logrado m\u00e1s matriculaciones respecto al 2024, pero solo supera esta cifra en cinco unidades. El resto, ha sufrido descensos, lo que da a entender que el boom de los a\u00f1os anteriores, ha generado cierta saturaci\u00f3n del mercado. Los lugares m\u00e1s peque\u00f1os, no dan para igualar las cifras de otros a\u00f1os, pero son datos positivos para el sector, que vive uno de sus mejores momentos de la historia en nuestro pa\u00eds.<\/p>\n<h2>Caravanas y campers vuelven a crecer<\/h2>\n<p>La clave del incremento de los \u00faltimos a\u00f1os, y ahora en los lugares m\u00e1s peque\u00f1os del pa\u00eds, se debe principalmente a que<strong> los precios se han estabilizado en los \u00faltimos a\u00f1os en el sector, al mismo tiempo que han ido subiendo las opciones de turismo tradicional<\/strong> en todo el pa\u00eds. Viajar de forma convencional, resulta cada vez m\u00e1s caro y muchas personas y familias, han encontrado en las caravanas y las campers, una alternativa que les permite seguir disfrutando del tiempo libre a precios m\u00e1s asequibles y con opciones que no podr\u00eda experimentar de otra manera.<\/p>\n<p>Pese al descenso generalizado de las <a href=\"https:\/\/www.autonocion.com\/inscripcion-registro-matriculacion-de-patinetes-y-de-vehiculos-de-movilidad-personal\/\"><strong>matriculaciones<\/strong><\/a>, la tendencia sigue siendo m\u00e1s que positiva, y al igual que primero fueron las grandes comunidades, las peque\u00f1as se sumas ahora a una tendencia que ha aumentado en los \u00faltimos a\u00f1os.<\/p>\n","protected":false},"excerpt":{"rendered":"<p>En los \u00faltimos a\u00f1os, la venta de caravanas y campers ha crecido de manera impensable en nuestro pa\u00eds, y aunque &#8230; <\/p>\n<p class=\"read-more-container\"><a title=\"Las caravanas y campers tienen mucho que decir en Espa\u00f1a: se disparan sus ventas en 2025\" class=\"read-more button\" href=\"https:\/\/www.autonocion.com\/motornocion\/caravanas-campers-ventas\/#more-2678\" aria-label=\"Leer m\u00e1s sobre Las caravanas y campers tienen mucho que decir en Espa\u00f1a: se disparan sus ventas en 2025\">Read more<\/a><\/p>\n","protected":false},"author":2,"featured_media":2681,"comment_status":"closed","ping_status":"closed","sticky":false,"template":"","format":"standard","meta":{"_acf_changed":false,"footnotes":""},"categories":[4],"tags":[],"class_list":["post-2678","post","type-post","status-publish","format-standard","has-post-thumbnail","hentry","category-actualidad","resize-featured-image"],"acf":[],"_links":{"self":[{"href":"https:\/\/www.autonocion.com\/motornocion\/wp-json\/wp\/v2\/posts\/2678","targetHints":{"allow":["GET"]}}],"collection":[{"href":"https:\/\/www.autonocion.com\/motornocion\/wp-json\/wp\/v2\/posts"}],"about":[{"href":"https:\/\/www.autonocion.com\/motornocion\/wp-json\/wp\/v2\/types\/post"}],"author":[{"embeddable":true,"href":"https:\/\/www.autonocion.com\/motornocion\/wp-json\/wp\/v2\/users\/2"}],"replies":[{"embeddable":true,"href":"https:\/\/www.autonocion.com\/motornocion\/wp-json\/wp\/v2\/comments?post=2678"}],"version-history":[{"count":1,"href":"https:\/\/www.autonocion.com\/motornocion\/wp-json\/wp\/v2\/posts\/2678\/revisions"}],"predecessor-version":[{"id":3108,"href":"https:\/\/www.autonocion.com\/motornocion\/wp-json\/wp\/v2\/posts\/2678\/revisions\/3108"}],"wp:featuredmedia":[{"embeddable":true,"href":"https:\/\/www.autonocion.com\/motornocion\/wp-json\/wp\/v2\/media\/2681"}],"wp:attachment":[{"href":"https:\/\/www.autonocion.com\/motornocion\/wp-json\/wp\/v2\/media?parent=2678"}],"wp:term":[{"taxonomy":"category","embeddable":true,"href":"https:\/\/www.autonocion.com\/motornocion\/wp-json\/wp\/v2\/categories?post=2678"},{"taxonomy":"post_tag","embeddable":true,"href":"https:\/\/www.autonocion.com\/motornocion\/wp-json\/wp\/v2\/tags?post=2678"}],"curies":[{"name":"wp","href":"https:\/\/api.w.org\/{rel}","templated":true}]}}