{"id":2608,"date":"2026-01-14T17:00:06","date_gmt":"2026-01-14T16:00:06","guid":{"rendered":"https:\/\/www.autonocion.com\/motornocion\/?p=2608"},"modified":"2026-01-21T10:22:17","modified_gmt":"2026-01-21T09:22:17","slug":"normativa-patinetes-electricos-dgt","status":"publish","type":"post","link":"https:\/\/www.autonocion.com\/motornocion\/normativa-patinetes-electricos-dgt\/","title":{"rendered":"Nueva normativa para la circulaci\u00f3n de los patinetes el\u00e9ctricos en 2026"},"content":{"rendered":"<p>Con la llegada del 2026, ha entrado en vigor la obligaci\u00f3n de una identificaci\u00f3n oficial y un seguro para los <strong>veh\u00edculos de movilidad personal<\/strong>. Una normativa hecha a medida, especialmente pensada para los <a href=\"https:\/\/www.autonocion.com\/tema\/patinete\/\"><strong>patinetes el\u00e9ctricos<\/strong><\/a>. Pese a que el cambio de ley ya es una realidad, la DGT, sin embargo, ha informado de excepciones en las multas previstas, por lo que la aplicaci\u00f3n de la norma a\u00fan no queda del todo clara.<\/p>\n<h2>Cambios con los patinetes el\u00e9ctricos<\/h2>\n<p>El <strong>BOE<\/strong> public\u00f3 el pasado verano los cambios de la nueva Ley para los patinetes el\u00e9ctricos, que deb\u00edan ser efectivos a partir del 2 de enero de este 2026. Dicha normativa obligaba a un seguro obligatorio para todos los que dispongan y se muevan con un veh\u00edculo de movilidad personal, incluyendo el patinete el\u00e9ctrico, por las ciudades espa\u00f1olas. Tambi\u00e9n obliga a que todos y cada uno de estos veh\u00edculos est\u00e9 oficialmente registrado.<\/p>\n<p>Sin embargo, para que la norma pueda aplicarse, hay un requisito que no se cumple y que hace imposible la aplicaci\u00f3n de la normativa, pues el <a href=\"https:\/\/www.autonocion.com\/inscripcion-registro-matriculacion-de-patinetes-y-de-vehiculos-de-movilidad-personal\/\"><strong>registro oficial<\/strong><\/a>, gestionado por la <strong>DGT<\/strong>, no est\u00e1 operativo por el momento. Por tanto, al no poder identificar cada uno de los patinetes, estos no est\u00e1n oficialmente vinculados a una p\u00f3liza, por lo que resulta imposible legalmente aplicar las multas y sanciones a los infractores, que son todos.<\/p>\n<p>Y ahora llegan las prisas, como no, y la <a href=\"https:\/\/www.autonocion.com\/guia-tramites-telematicos-dgt\/\"><strong>DGT<\/strong> <\/a>ha afirmado que esta tramitando los registros por v\u00eda urgente, aunque este proceso se retrasara. Y esto no lo dice la <strong>DGT<\/strong>, pero una vez est\u00e9 el sistema operativo, registrar todos estos veh\u00edculos, no resultar\u00e1 un proceso r\u00e1pido, por lo que es una verdadera inc\u00f3gnita cu\u00e1ndo esta nueva ley, ser\u00e1 de obligado cumplimiento.<\/p>\n<h2>Por qu\u00e9 no te pueden multar<\/h2>\n<p>Como hemos dicho, esta deficiencia, este retraso de la <strong>DGT<\/strong>, impide t\u00e9cnica y jur\u00eddicamente poder imponer multas. En primer lugar, porque, al no estar operativo el registro, nadie puede cumplir la ley. Por otro lado, no hay manera de poder comprobar si un patinete est\u00e1 asociado a un seguro si no hay registros legales. As\u00ed que, si tienes un patinete u otro veh\u00edculo de movilidad personas, pese a que la norma ya est\u00e1 en vigor, es imposible poder cumplirla.<\/p>\n<p>Por tanto, el siguiente paso, una vez que la <strong>DGT<\/strong> active el registro, ser\u00e1 el de la inscripci\u00f3n de todos estos veh\u00edculos en la base de datos del organismo. Y una vez que este proceso concluya, que llevar\u00e1 su tiempo y ser\u00e1 un proceso obligatorio pero secuencial, se podr\u00e1 contratar un seguro con dicha identificaci\u00f3n oficial.<\/p>\n<p>Ahora bien, los propietarios ya saben a <strong>qu\u00e9 multas se enfrentan<\/strong> si, una vez que est\u00e9 habilitado el registro y se pueda contratar el seguro, no lo hacen. Las sanciones estar\u00e1n comprendidas entre los 200 y los 1.000 euros.<\/p>\n<h2>La excepci\u00f3n de algunos patinetes<\/h2>\n<p>Eso s\u00ed, no todos se salvan de esta excepci\u00f3n de la DGT. Quienes tengan<strong> veh\u00edculos de movilidad personal que superan los 25 kilos y los 14 kil\u00f3metros por hora<\/strong>, est\u00e1n obligados a contar desde ya con un seguro, aunque a\u00fan no se haya activado el registro. Los m\u00e1s rezagados deben saber que tienen hasta el pr\u00f3ximo <strong>26 de eneros<\/strong> para realizar los tr\u00e1mites necesarios y evitar sanciones.<\/p>\n<p>El motivo es que la <strong>DGT<\/strong> considera que estos veh\u00edculos suponen un mayor riesgo en la circulaci\u00f3n, algo que se ha demostrado con datos de siniestralidad.<\/p>\n<p>Por tanto, aunque la norma ya est\u00e1 en vigor desde el<strong> 2 de enero<\/strong>, la mayor\u00eda de patinetes y veh\u00edculos de movilidad especial, no est\u00e1n obligados a contar con su seguro, ya que la DGT se ha retrasado en habilitar los procesos para registrar oficialmente cada uno de estos veh\u00edculos, lo que imposibilita el control, y por tanto imponer sanciones, a los ciudadanos que hacen uso de este medio de transporte.<\/p>\n","protected":false},"excerpt":{"rendered":"<p>Con la llegada del 2026, ha entrado en vigor la obligaci\u00f3n de una identificaci\u00f3n oficial y un seguro para los &#8230; <\/p>\n<p class=\"read-more-container\"><a title=\"Nueva normativa para la circulaci\u00f3n de los patinetes el\u00e9ctricos en 2026\" class=\"read-more button\" href=\"https:\/\/www.autonocion.com\/motornocion\/normativa-patinetes-electricos-dgt\/#more-2608\" aria-label=\"Leer m\u00e1s sobre Nueva normativa para la circulaci\u00f3n de los patinetes el\u00e9ctricos en 2026\">Read more<\/a><\/p>\n","protected":false},"author":2,"featured_media":2612,"comment_status":"closed","ping_status":"closed","sticky":false,"template":"","format":"standard","meta":{"_acf_changed":false,"footnotes":""},"categories":[10,4],"tags":[],"class_list":["post-2608","post","type-post","status-publish","format-standard","has-post-thumbnail","hentry","category-patinetes","category-actualidad","resize-featured-image"],"acf":[],"_links":{"self":[{"href":"https:\/\/www.autonocion.com\/motornocion\/wp-json\/wp\/v2\/posts\/2608","targetHints":{"allow":["GET"]}}],"collection":[{"href":"https:\/\/www.autonocion.com\/motornocion\/wp-json\/wp\/v2\/posts"}],"about":[{"href":"https:\/\/www.autonocion.com\/motornocion\/wp-json\/wp\/v2\/types\/post"}],"author":[{"embeddable":true,"href":"https:\/\/www.autonocion.com\/motornocion\/wp-json\/wp\/v2\/users\/2"}],"replies":[{"embeddable":true,"href":"https:\/\/www.autonocion.com\/motornocion\/wp-json\/wp\/v2\/comments?post=2608"}],"version-history":[{"count":1,"href":"https:\/\/www.autonocion.com\/motornocion\/wp-json\/wp\/v2\/posts\/2608\/revisions"}],"predecessor-version":[{"id":3096,"href":"https:\/\/www.autonocion.com\/motornocion\/wp-json\/wp\/v2\/posts\/2608\/revisions\/3096"}],"wp:featuredmedia":[{"embeddable":true,"href":"https:\/\/www.autonocion.com\/motornocion\/wp-json\/wp\/v2\/media\/2612"}],"wp:attachment":[{"href":"https:\/\/www.autonocion.com\/motornocion\/wp-json\/wp\/v2\/media?parent=2608"}],"wp:term":[{"taxonomy":"category","embeddable":true,"href":"https:\/\/www.autonocion.com\/motornocion\/wp-json\/wp\/v2\/categories?post=2608"},{"taxonomy":"post_tag","embeddable":true,"href":"https:\/\/www.autonocion.com\/motornocion\/wp-json\/wp\/v2\/tags?post=2608"}],"curies":[{"name":"wp","href":"https:\/\/api.w.org\/{rel}","templated":true}]}}