{"id":16666,"date":"2026-09-06T16:00:48","date_gmt":"2026-09-06T14:00:48","guid":{"rendered":"https:\/\/www.autonocion.com\/motornocion\/?p=16666"},"modified":"2026-09-03T12:43:22","modified_gmt":"2026-09-03T10:43:22","slug":"abierto-pedidos-range-rover-electric","status":"publish","type":"post","link":"https:\/\/www.autonocion.com\/motornocion\/abierto-pedidos-range-rover-electric\/","title":{"rendered":"550 CV, 850 Nm, y 600 km WLTP: Range Rover abre los pedidos de su primer el\u00e9ctrico, un SUV de lujo que mantiene el alma de todoterreno"},"content":{"rendered":"<p><a href=\"https:\/\/www.autonocion.com\/range-rover-electric-suv-lujo-electrico\/\"><strong>Range Rover<\/strong> <\/a>ha abierto por fin los pedidos de su primer modelo <strong>100% el\u00e9ctrico<\/strong>. El nuevo <strong>Range Rover Electric<\/strong> arranca en Espa\u00f1a desde los 163.250 euros, ofrece 600 kil\u00f3metros de autonom\u00eda, y pone fin a una espera que empez\u00f3 bastante antes de lo que parece. La marca confirm\u00f3 el proyecto en 2021, y desde finales de 2023 tiene una lista de espera de m\u00e1s 61.000 personas sin saber precios ni fecha exacta. Ahora ya se puede reservar oficialmente.<\/p>\n<h2>Un Range Rover que sigue pareciendo un Range Rover<\/h2>\n<p>Por fuera apenas se notan los cambios, sigue teniendo la silueta tan reconocible de toda la vida, el mismo interior y los mismos mandos. Se han puesto llantas nuevas, y la parrilla se cierra un poco m\u00e1s. Se ha retocado la parte de baja del coche para ganar eficiencia, pero a simple vista, no hay grandes diferencias que respecto a los otros modelos de la gama.<\/p>\n<p>El director general de la marca, <strong>Martin Limbert<\/strong>, lo ha resumido diciendo que la electrificaci\u00f3n encaja de forma natural con el refinamiento de la casa, aumentando esa sensaci\u00f3n de calma en el habit\u00e1culo.<\/p>\n<p>Va a estar disponible con batalla corta o larga, y en varios niveles de acabado: SE, HSE, Autobiography, adem\u00e1s de las versiones SV, que incluyen el SV Ultra y el SV Black. Tambi\u00e9n se ha puesto en marcha una edici\u00f3n de lanzamiento, la First Edition, con colores exclusivos, Belgravia Green, Santorini Black o Varesine Blue, y un interior nuevo llamado Light Cloud, cuyo materiales de fabricaci\u00f3n son Ultrafabrics y Kvadrat.<\/p>\n<h2>550 CV, 850 Nm, y una bater\u00eda de 118,5 kWh<\/h2>\n<p>Monta <strong>dos motores el\u00e9ctricos<\/strong> de imanes permanentes con semiconductores de carburo de silicio, de 260 kW cada uno, que combinados suman 550 CV y 850 Nm de par. Pasa de 0 a 100 km\/h en solo 4,5 segundos, mientras que de 80 a 120 km\/h lo hace en apenas \u00a02,7 segundos. Estas cifras, <strong>incluso superan, al V8<\/strong> de <a href=\"https:\/\/www.autonocion.com\/volkswagen-id-california-cruise-electrico\/\"><strong>gasolina<\/strong> <\/a>de la gama, algo que la marca se ha encargado de que quede bien claro, aunque eso s\u00ed, con matices, porque el el\u00e9ctrico pesa m\u00e1s y tiene menos capacidad de remolque que la variante t\u00e9rmica m\u00e1s potente.<\/p>\n<p>El veh\u00edculo est\u00e1 confeccionado baja una arquitectura de 800 voltios, con una bater\u00eda de 118,5 kWh que admite cargas de hasta 350 kW en corriente continua. Pasa del 10% al 80% de la carga en 22 minutos, y recupera 220 kil\u00f3metros de autonom\u00eda en apenas 10\u00a0 minutos.<\/p>\n<p>En cuanto a la autonom\u00eda, alcanza los 600 kil\u00f3metros en ciclo WLTP, pero Range Rover da una estimaci\u00f3n de uso real algo m\u00e1s baja, de unos 535 kil\u00f3metros. Es un gesto raro en el sector, donde nadie suele dar datos al margen del ciclo de homologaci\u00f3n.<\/p>\n<h2>Un aut\u00e9ntico todoterreno<\/h2>\n<p>El gran miedo con cualquier <strong>SUV<\/strong> de lujo el\u00e9ctrico es que pierda las capacidades todoterreno que le dan sentido al nombre <strong>Range Rover<\/strong>, pero la marca insiste en que no pasa nada de eso. El sistema Integrated Traction Management controla la velocidad de cada motor en 50 milisegundos, y gestiona el deslizamiento hasta 100 veces m\u00e1s r\u00e1pido que un motor convencional. Mantiene la capacidad de vadeo en 900 mil\u00edmetros y el modo de un solo pedal permite afrontar pendientes de hasta 45 grados.<\/p>\n<p>Antes de salir a la venta, ha acumulado m\u00e1s de 1,5 millones de kil\u00f3metros de pruebas y 250.000 horas de ensayos. Tambi\u00e9n estrena el sistema de gesti\u00f3n t\u00e9rmica ThermAssist, pensado para cuidar la autonom\u00eda y la velocidad de carga incluso con temperaturas extremas.<\/p>\n<p>Se fabrica en la planta de Solihull, en Reino Unido, donde llevan construyendo el Range Rover m\u00e1s de cinco d\u00e9cadas. JLR ha adaptado la f\u00e1brica para meter l\u00edneas espec\u00edficas de bater\u00edas y motores el\u00e9ctricos, formando a unos 9.000 trabajadores para esta etapa.<\/p>\n<p>En Reino Unido arranca en 154.070 libras, unos 165.000 euros al cambio, mientras que en Estados Unidos parte de 138.000 d\u00f3lares. En Espa\u00f1a la cifra oficial son los 163.250 euros. Por arriba, la gama sube bastante: el SV Black de batalla larga llega hasta las 225.240 libras en el mercado brit\u00e1nico.<\/p>\n<p><a href=\"https:\/\/www.autonocion.com\/range-rover-electric-suv-lujo-electrico\/\"><strong>Range Rover Electric<\/strong><\/a> juega en otra liga, estos precios no est\u00e1n al alcance de los SUV el\u00e9ctricos tradicionales, compite con <a href=\"https:\/\/www.autonocion.com\/imagenes-informacion-potencia-lanzamiento-precio-mercedes-benz-g-580-eq-2024\/\"><strong>Mercedes G 580<\/strong><\/a>, el <strong>Porsche Cayenne Electri<\/strong>c o las versiones m\u00e1s altas del <strong>Lucid Gravity<\/strong>. Pero m\u00e1s all\u00e1 de la competencia, por fin tenemos un veh\u00edculo el\u00e9ctrico que no veremos por las calles casi 6 a\u00f1os despu\u00e9s de que se anunciara el proyecto.<\/p>\n","protected":false},"excerpt":{"rendered":"<p>Range Rover ha abierto por fin los pedidos de su primer modelo 100% el\u00e9ctrico. El nuevo Range Rover Electric arranca &#8230; <\/p>\n<p class=\"read-more-container\"><a title=\"550 CV, 850 Nm, y 600 km WLTP: Range Rover abre los pedidos de su primer el\u00e9ctrico, un SUV de lujo que mantiene el alma de todoterreno\" class=\"read-more button\" href=\"https:\/\/www.autonocion.com\/motornocion\/abierto-pedidos-range-rover-electric\/#more-16666\" aria-label=\"Leer m\u00e1s sobre 550 CV, 850 Nm, y 600 km WLTP: Range Rover abre los pedidos de su primer el\u00e9ctrico, un SUV de lujo que mantiene el alma de todoterreno\">Read more<\/a><\/p>\n","protected":false},"author":6,"featured_media":16667,"comment_status":"closed","ping_status":"closed","sticky":false,"template":"","format":"standard","meta":{"_acf_changed":false,"footnotes":""},"categories":[55],"tags":[],"class_list":["post-16666","post","type-post","status-publish","format-standard","has-post-thumbnail","hentry","category-electricos","resize-featured-image"],"acf":[],"_links":{"self":[{"href":"https:\/\/www.autonocion.com\/motornocion\/wp-json\/wp\/v2\/posts\/16666","targetHints":{"allow":["GET"]}}],"collection":[{"href":"https:\/\/www.autonocion.com\/motornocion\/wp-json\/wp\/v2\/posts"}],"about":[{"href":"https:\/\/www.autonocion.com\/motornocion\/wp-json\/wp\/v2\/types\/post"}],"author":[{"embeddable":true,"href":"https:\/\/www.autonocion.com\/motornocion\/wp-json\/wp\/v2\/users\/6"}],"replies":[{"embeddable":true,"href":"https:\/\/www.autonocion.com\/motornocion\/wp-json\/wp\/v2\/comments?post=16666"}],"version-history":[{"count":2,"href":"https:\/\/www.autonocion.com\/motornocion\/wp-json\/wp\/v2\/posts\/16666\/revisions"}],"predecessor-version":[{"id":16669,"href":"https:\/\/www.autonocion.com\/motornocion\/wp-json\/wp\/v2\/posts\/16666\/revisions\/16669"}],"wp:featuredmedia":[{"embeddable":true,"href":"https:\/\/www.autonocion.com\/motornocion\/wp-json\/wp\/v2\/media\/16667"}],"wp:attachment":[{"href":"https:\/\/www.autonocion.com\/motornocion\/wp-json\/wp\/v2\/media?parent=16666"}],"wp:term":[{"taxonomy":"category","embeddable":true,"href":"https:\/\/www.autonocion.com\/motornocion\/wp-json\/wp\/v2\/categories?post=16666"},{"taxonomy":"post_tag","embeddable":true,"href":"https:\/\/www.autonocion.com\/motornocion\/wp-json\/wp\/v2\/tags?post=16666"}],"curies":[{"name":"wp","href":"https:\/\/api.w.org\/{rel}","templated":true}]}}