{"id":16660,"date":"2026-09-03T13:11:42","date_gmt":"2026-09-03T11:11:42","guid":{"rendered":"https:\/\/www.autonocion.com\/motornocion\/?p=16660"},"modified":"2026-09-03T13:11:42","modified_gmt":"2026-09-03T11:11:42","slug":"colapinto-y-sus-dos-anos-en-formula-1-hay-mucho-margen-de-mejora","status":"publish","type":"post","link":"https:\/\/www.autonocion.com\/motornocion\/colapinto-y-sus-dos-anos-en-formula-1-hay-mucho-margen-de-mejora\/","title":{"rendered":"Colapinto y sus dos a\u00f1os en F\u00f3rmula 1: \u00abHay mucho margen de mejora\u00bb"},"content":{"rendered":"<p><strong>Monza (Italia).-<\/strong> M\u00e1s <strong>relajado y aliviado<\/strong>. Franco <strong>Colapinto<\/strong> tiene un pensamiento que ya no ocupa un lugar en su cabeza desde que se anunci\u00f3 su <strong>extensi\u00f3n de contrato con Alpine<\/strong> hace unos d\u00edas. Con su asiento asegurado para la temporada que viene, el argentino entr\u00f3 al paddock de Monza para charlar con la prensa con <strong>otros aires<\/strong>. No es que anduviera preocupado tampoco. <strong>Hasta brome\u00f3 en la primera pregunta<\/strong> que recibi\u00f3 sobre c\u00f3mo y cu\u00e1ndo se enter\u00f3 del anuncio de renovaci\u00f3n.<\/p>\n<p><strong>\u00abSomos buenos actores, Flavio es un gran actor, estoy orgulloso de sus habilidades de interpretaci\u00f3n, tuvo millones de visitas, me enter\u00e9 cuando se lanz\u00f3 el video, es broma<\/strong>. Estoy muy contento y agradecido de continuar, el a\u00f1o pasado fue dif\u00edcil y estoy muy feliz de seguir trabajando juntos como una familia. Siento que hay mucho trabajo por hacer todav\u00eda, seguimos empujando y trabajando todos juntos, es genial estar un a\u00f1o m\u00e1s con el equipo\u00bb, coment\u00f3.<\/p>\n<h2>Dos a\u00f1os en F\u00f3rmula 1<\/h2>\n<p>El pilarense <strong>debut\u00f3 en F\u00f3rmula 1 justo hace dos a\u00f1os en este mismo trazado<\/strong> pero con los colores de Williams. Ahora, reconoce que <strong>\u00ablos mayores aprendizajes han llegado en los momentos malos, en los de estar algo m\u00e1s abajo, es donde puedes aprender y extraer m\u00e1s lecciones y aprendizajes. Este a\u00f1o me siento m\u00e1s c\u00f3modo como piloto y persona, hay mucho espacio para la mejora<\/strong> y hay que seguir dando pasos hacia adelante\u00bb.<\/p>\n<p>\u00abMonza siempre es especial para m\u00ed, me ha dado mucho, con victorias y mi debut en F\u00f3rmula 1, es una pista que siempre he disfrutado mucho, los tifosi son incre\u00edbles. <strong>Ha sido un sue\u00f1o de ni\u00f1o hecho realidad desde el debut, estoy contento con estos dos a\u00f1os, es trabajar y trabajar para ser mejor como piloto y atleta. Ha habido subidas y bajadas y momentos muy especiales, llenos de emociones, en estos a\u00f1os desde mi debut. Ha habido detr\u00e1s muchos sacrificios<\/strong>, estoy feliz de poder seguir\u00bb, a\u00f1adi\u00f3.<\/p>\n<p>\u00bfQu\u00e9 metas personales se fija de cara al curso que viene con Alpine? <strong>\u00abSeguir mejorando, sumando puntos, veremos qu\u00e9 pasa&#8230; si seguimos dando pasos el a\u00f1o que viene ojal\u00e1 estar m\u00e1s cerca de los equipos de arriba y poder pelear por podios.<\/strong> Estamos trabajando muy duro en el equipo y, como piloto, intento maximizar el coche todo lo posible\u00bb. La comparecencia, adem\u00e1s de su contrato, tambi\u00e9n tuvo alg\u00fan apunte t\u00e9cnico sobre un circuito muy exigente de motor donde habr\u00e1 clipping.<\/p>\n<p>\u00abEl superclipping es bajo porque apenas puedes ahorrar por el l\u00edmite de energ\u00eda, creo que <strong>no va a ser una carrera f\u00e1cil, va a ser compleja, se van a ver las debilidades de las normas<\/strong>. Monza siempre es dif\u00edcil para estos coches, veremos ma\u00f1ana, pero creo que <strong>no va a ser fant\u00e1stico, en el simulador no es como era antes, sabemos que la FIA est\u00e1 trabajando para mejorarlo todo de cara al futuro, Monza es un gran test para ver d\u00f3nde podemos mejorar como campeonato<\/strong>, creo que se va a poder adelantar bastante\u00bb, coment\u00f3 Colapinto, que podr\u00e1 montar las nuevas piezas que solo llev\u00f3 Pierre Gasly en Zandvoort.<\/p>\n<h2>\u00bfComprar un equipo?<\/h2>\n<p>Ahora <strong>ambos pilotos llevan las mejoras<\/strong>: \u00abA ver c\u00f3mo funcionan las nuevas piezas, <strong>ha sido la mejora m\u00e1s grande que hemos tenido este a\u00f1o, en Zandvoort creo que fue un gran paso adelante<\/strong>, har\u00e1 mucho calor y no es lo mejor para nosotros y nuestras gomas, intentaremos maximizar el coche este finde\u00bb. El rebufo ser\u00e1 potente y tendr\u00e1 su papel este finde, cree: <strong>\u00abMonza siempre es una buena pista para adelantar y el rebufo siempre te da m\u00e1s opciones<\/strong> aqu\u00ed de pasar a otro coche\u00bb.<\/p>\n<p>Tambi\u00e9n le preguntaron sobre <strong>adquirir un equipo de carreras<\/strong> como acaba de hacer Lando Norris para facilitar la subida de j\u00f3venes talentos a lo m\u00e1s alto: <strong>\u201cCreo que me hace falta dinero (se r\u00ede), si tuviera el dinero de Lando, Checo o Max claro que lo har\u00eda, comprar\u00eda un equipo. En unos a\u00f1os te ver\u00edas reflejados en esos ni\u00f1os que empiezan\u201d.<\/strong><\/p>\n","protected":false},"excerpt":{"rendered":"<p>Monza (Italia).- M\u00e1s relajado y aliviado. Franco Colapinto tiene un pensamiento que ya no ocupa un lugar en su cabeza &#8230; <\/p>\n<p class=\"read-more-container\"><a title=\"Colapinto y sus dos a\u00f1os en F\u00f3rmula 1: \u00abHay mucho margen de mejora\u00bb\" class=\"read-more button\" href=\"https:\/\/www.autonocion.com\/motornocion\/colapinto-y-sus-dos-anos-en-formula-1-hay-mucho-margen-de-mejora\/#more-16660\" aria-label=\"Leer m\u00e1s sobre Colapinto y sus dos a\u00f1os en F\u00f3rmula 1: \u00abHay mucho margen de mejora\u00bb\">Read more<\/a><\/p>\n","protected":false},"author":5,"featured_media":16670,"comment_status":"closed","ping_status":"closed","sticky":false,"template":"","format":"standard","meta":{"_acf_changed":false,"footnotes":""},"categories":[5],"tags":[],"class_list":["post-16660","post","type-post","status-publish","format-standard","has-post-thumbnail","hentry","category-f1","resize-featured-image"],"acf":[],"_links":{"self":[{"href":"https:\/\/www.autonocion.com\/motornocion\/wp-json\/wp\/v2\/posts\/16660","targetHints":{"allow":["GET"]}}],"collection":[{"href":"https:\/\/www.autonocion.com\/motornocion\/wp-json\/wp\/v2\/posts"}],"about":[{"href":"https:\/\/www.autonocion.com\/motornocion\/wp-json\/wp\/v2\/types\/post"}],"author":[{"embeddable":true,"href":"https:\/\/www.autonocion.com\/motornocion\/wp-json\/wp\/v2\/users\/5"}],"replies":[{"embeddable":true,"href":"https:\/\/www.autonocion.com\/motornocion\/wp-json\/wp\/v2\/comments?post=16660"}],"version-history":[{"count":5,"href":"https:\/\/www.autonocion.com\/motornocion\/wp-json\/wp\/v2\/posts\/16660\/revisions"}],"predecessor-version":[{"id":16672,"href":"https:\/\/www.autonocion.com\/motornocion\/wp-json\/wp\/v2\/posts\/16660\/revisions\/16672"}],"wp:featuredmedia":[{"embeddable":true,"href":"https:\/\/www.autonocion.com\/motornocion\/wp-json\/wp\/v2\/media\/16670"}],"wp:attachment":[{"href":"https:\/\/www.autonocion.com\/motornocion\/wp-json\/wp\/v2\/media?parent=16660"}],"wp:term":[{"taxonomy":"category","embeddable":true,"href":"https:\/\/www.autonocion.com\/motornocion\/wp-json\/wp\/v2\/categories?post=16660"},{"taxonomy":"post_tag","embeddable":true,"href":"https:\/\/www.autonocion.com\/motornocion\/wp-json\/wp\/v2\/tags?post=16660"}],"curies":[{"name":"wp","href":"https:\/\/api.w.org\/{rel}","templated":true}]}}