{"id":16614,"date":"2026-09-02T15:19:38","date_gmt":"2026-09-02T13:19:38","guid":{"rendered":"https:\/\/www.autonocion.com\/motornocion\/?p=16614"},"modified":"2026-09-02T15:19:38","modified_gmt":"2026-09-02T13:19:38","slug":"f1-regreso-argentina-2029-2030","status":"publish","type":"post","link":"https:\/\/www.autonocion.com\/motornocion\/f1-regreso-argentina-2029-2030\/","title":{"rendered":"La F1 pone fecha al posible regreso de Argentina: 2029 o 2030"},"content":{"rendered":"<p><strong>La F\u00f3rmula 1 vuelve a mirar hacia Argentina.<\/strong> El regreso del Gran Premio de F1, ausente del calendario desde 1998, ha recibido un respaldo especialmente significativo despu\u00e9s de la <strong>visita de Mohammed Ben Sulayem a Buenos Aires<\/strong>. El presidente de la FIA no solo conoci\u00f3 de primera mano el proyecto de renovaci\u00f3n del Aut\u00f3dromo Oscar y Juan G\u00e1lvez, sino que situ\u00f3 por primera vez una ventana temporal concreta para el posible regreso: <strong>2029 o 2030.<\/strong><\/p>\n<p>Ben Sulayem particip\u00f3 en Buenos Aires en el Congreso Americano de la FIA y mantuvo reuniones con el presidente argentino, Javier Milei, y con el jefe de Gobierno de la Ciudad, Jorge Macri. Durante su visita tambi\u00e9n pudo conocer los trabajos que se est\u00e1n realizando en el circuito porte\u00f1o, que aspira a obtener la homologaci\u00f3n necesaria para recibir a la F\u00f3rmula 1.<\/p>\n<h2>\u00bfCu\u00e1ndo podr\u00eda volver la F1 a Argentina?<\/h2>\n<p>La posibilidad de recuperar el Gran Premio no pasa, por tanto, por 2027. Ben Sulayem considera que ese plazo ser\u00eda demasiado corto y explic\u00f3 que <strong>2029 o 2030 es un escenario mucho m\u00e1s realista<\/strong>, en buena medida porque el calendario de la F\u00f3rmula 1 est\u00e1 pr\u00e1cticamente completo y cualquier nueva carrera debe encajar dentro de una estructura que ya alcanza las 24 pruebas.<\/p>\n<p>El presidente de la FIA fue especialmente claro al hablar del proyecto argentino. <strong>\u201cDesde la FIA, lo que les prometemos es nuestro apoyo pleno\u201d,<\/strong> asegur\u00f3, antes de insistir en que el <strong>regreso est\u00e1 \u201cen el camino correcto\u201d.<\/strong> Tambi\u00e9n explic\u00f3 que se trata de un plan de negocio a cinco a\u00f1os y que la propuesta deber\u00e1 presentarse a trav\u00e9s de un promotor local y demostrar que aporta valor al campeonato.<\/p>\n<p>Eso no significa que Argentina tenga un Gran Premio asegurado. La FIA es la encargada de homologar el circuito, pero la incorporaci\u00f3n de una carrera depende tambi\u00e9n de la F1 y de su promotor, adem\u00e1s de las condiciones econ\u00f3micas, las instalaciones y el espacio disponible en el calendario.<\/p>\n<h2>\u00bfC\u00f3mo son las obras del Aut\u00f3dromo de Buenos Aires para la F1?<\/h2>\n<p>El proyecto sobre el Aut\u00f3dromo Oscar y Juan G\u00e1lvez es la pieza central de la candidatura. Las obras contemplan una renovaci\u00f3n profunda del circuito y de sus instalaciones, con una inversi\u00f3n anunciada de <strong>150 millones de d\u00f3lares<\/strong> y un avance que ronda el 60%.<\/p>\n<p>El nuevo trazado alcanzar\u00e1 los <strong>4,87 kil\u00f3metros y contar\u00e1 con 15 curvas<\/strong>. Tambi\u00e9n se est\u00e1n construyendo nuevas calles de servicio, sistemas de drenaje, muros de contenci\u00f3n y un t\u00fanel bajo la pista, adem\u00e1s de la renovaci\u00f3n del paddock y de las tribunas.<\/p>\n<p>Uno de los avances m\u00e1s visibles ha sido la demolici\u00f3n de la tribuna de la horquilla, necesaria para modificar el trazado. Seg\u00fan el Gobierno de Buenos Aires, la pista se encuentra ya nivelada en un 98% y el objetivo es que el circuito pueda alcanzar las condiciones necesarias para optar a la <strong>homologaci\u00f3n de Grado 1 de la FIA.<\/strong><\/p>\n<figure id=\"attachment_16618\" aria-describedby=\"caption-attachment-16618\" style=\"width: -10px\" class=\"wp-caption aligncenter\"><img loading=\"lazy\" decoding=\"async\" class=\"wp-image-16618 size-full\" src=\"https:\/\/www.autonocion.com\/motornocion\/wp-content\/uploads\/2026\/09\/regreso-F1-argentina-sulayem-macri.jpg\" alt=\"Ben Sulayem, presidente de la FIA, y Jorge Macri, gobernador de la Ciudad de Buenos Aires\" width=\"1800\" height=\"1013\" srcset=\"https:\/\/www.autonocion.com\/motornocion\/wp-content\/uploads\/2026\/09\/regreso-F1-argentina-sulayem-macri.jpg 1800w, https:\/\/www.autonocion.com\/motornocion\/wp-content\/uploads\/2026\/09\/regreso-F1-argentina-sulayem-macri-300x169.jpg 300w, https:\/\/www.autonocion.com\/motornocion\/wp-content\/uploads\/2026\/09\/regreso-F1-argentina-sulayem-macri-1024x576.jpg 1024w, https:\/\/www.autonocion.com\/motornocion\/wp-content\/uploads\/2026\/09\/regreso-F1-argentina-sulayem-macri-768x432.jpg 768w, https:\/\/www.autonocion.com\/motornocion\/wp-content\/uploads\/2026\/09\/regreso-F1-argentina-sulayem-macri-1536x864.jpg 1536w\" sizes=\"auto, (max-width: 1800px) 100vw, 1800px\" \/><figcaption id=\"caption-attachment-16618\" class=\"wp-caption-text\">ACA<\/figcaption><\/figure>\n<h2>Franco Colapinto tambi\u00e9n impulsa el sue\u00f1o argentino<\/h2>\n<p>El proyecto llega adem\u00e1s en un momento especialmente significativo para el automovilismo argentino. <strong><a href=\"https:\/\/www.autonocion.com\/motornocion\/colapinto-renueva-alpine-2027\/\">Franco Colapinto, reci\u00e9n renovado con Alpine,<\/a> compite actualmente en F\u00f3rmula 1<\/strong> y su presencia ha vuelto a colocar al pa\u00eds en el mapa de la m\u00e1xima categor\u00eda despu\u00e9s de muchos a\u00f1os sin un piloto argentino en la parrilla.<\/p>\n<p>A ese impulso se suma el regreso de <strong>MotoGP a Buenos Aires<\/strong>. El Gran Premio est\u00e1 previsto para abril de 2027 y ser\u00e1 la primera visita de la categor\u00eda a la capital argentina en 28 a\u00f1os. El mismo circuito que trabaja para recuperar la F1 tendr\u00e1 as\u00ed una prueba internacional de primer nivel antes de que llegue el momento de intentar dar el siguiente paso.<\/p>\n<p>La \u00faltima vez que la F\u00f3rmula 1 corri\u00f3 en Buenos Aires fue en 1998, con <strong>Michael Schumacher ganando para Ferrari.<\/strong> Han pasado casi tres d\u00e9cadas desde aquella carrera y varias generaciones de aficionados argentinos han vivido la pasi\u00f3n por la categor\u00eda sin poder verla en casa. <strong>El G\u00e1lvez volver\u00eda a recibir entonces a los monoplazas que tantas veces hicieron de Buenos Aires una de las grandes paradas del calendario sudamericano.<\/strong><\/p>\n","protected":false},"excerpt":{"rendered":"<p>La F\u00f3rmula 1 vuelve a mirar hacia Argentina. El regreso del Gran Premio de F1, ausente del calendario desde 1998, &#8230; <\/p>\n<p class=\"read-more-container\"><a title=\"La F1 pone fecha al posible regreso de Argentina: 2029 o 2030\" class=\"read-more button\" href=\"https:\/\/www.autonocion.com\/motornocion\/f1-regreso-argentina-2029-2030\/#more-16614\" aria-label=\"Leer m\u00e1s sobre La F1 pone fecha al posible regreso de Argentina: 2029 o 2030\">Read more<\/a><\/p>\n","protected":false},"author":4,"featured_media":16620,"comment_status":"closed","ping_status":"closed","sticky":false,"template":"","format":"standard","meta":{"_acf_changed":false,"footnotes":""},"categories":[5],"tags":[],"class_list":["post-16614","post","type-post","status-publish","format-standard","has-post-thumbnail","hentry","category-f1","resize-featured-image"],"acf":[],"_links":{"self":[{"href":"https:\/\/www.autonocion.com\/motornocion\/wp-json\/wp\/v2\/posts\/16614","targetHints":{"allow":["GET"]}}],"collection":[{"href":"https:\/\/www.autonocion.com\/motornocion\/wp-json\/wp\/v2\/posts"}],"about":[{"href":"https:\/\/www.autonocion.com\/motornocion\/wp-json\/wp\/v2\/types\/post"}],"author":[{"embeddable":true,"href":"https:\/\/www.autonocion.com\/motornocion\/wp-json\/wp\/v2\/users\/4"}],"replies":[{"embeddable":true,"href":"https:\/\/www.autonocion.com\/motornocion\/wp-json\/wp\/v2\/comments?post=16614"}],"version-history":[{"count":4,"href":"https:\/\/www.autonocion.com\/motornocion\/wp-json\/wp\/v2\/posts\/16614\/revisions"}],"predecessor-version":[{"id":16619,"href":"https:\/\/www.autonocion.com\/motornocion\/wp-json\/wp\/v2\/posts\/16614\/revisions\/16619"}],"wp:featuredmedia":[{"embeddable":true,"href":"https:\/\/www.autonocion.com\/motornocion\/wp-json\/wp\/v2\/media\/16620"}],"wp:attachment":[{"href":"https:\/\/www.autonocion.com\/motornocion\/wp-json\/wp\/v2\/media?parent=16614"}],"wp:term":[{"taxonomy":"category","embeddable":true,"href":"https:\/\/www.autonocion.com\/motornocion\/wp-json\/wp\/v2\/categories?post=16614"},{"taxonomy":"post_tag","embeddable":true,"href":"https:\/\/www.autonocion.com\/motornocion\/wp-json\/wp\/v2\/tags?post=16614"}],"curies":[{"name":"wp","href":"https:\/\/api.w.org\/{rel}","templated":true}]}}