{"id":16571,"date":"2026-09-01T19:18:33","date_gmt":"2026-09-01T17:18:33","guid":{"rendered":"https:\/\/www.autonocion.com\/motornocion\/?p=16571"},"modified":"2026-09-01T19:18:33","modified_gmt":"2026-09-01T17:18:33","slug":"imola-coge-fuerza-para-cerrar-el-mundial-catar-y-abu-dhabi-se-diluyen","status":"publish","type":"post","link":"https:\/\/www.autonocion.com\/motornocion\/imola-coge-fuerza-para-cerrar-el-mundial-catar-y-abu-dhabi-se-diluyen\/","title":{"rendered":"Imola coge fuerza para cerrar el Mundial; Catar y Abu Dhabi se diluyen"},"content":{"rendered":"<p>El calendario de F\u00f3rmula 1 sigue siendo una inc\u00f3gnita tras la vuelta de la competici\u00f3n despu\u00e9s del paro veraniego. El conflicto que asola Oriente medio se est\u00e1 alargando m\u00e1s de lo que todo el mundo desear\u00eda y la F\u00f3rmula 1 sigue en jaque meditando sobre qu\u00e9 decisi\u00f3n tomar sobre las dos \u00faltimas pruebas del campeonato, previstas en un origen para ser disputadas en Catar y Abu Dhabi.<\/p>\n<p>La historia con estas dos carreras viene de lejos: ya van muchos meses de rumores e idas y venidas\u2026 hasta el punto de que la propia F\u00f3rmula 1 ha tenido que retrasar el anuncio del calendario de la temporada que viene por culpa del conflicto de Oriente Medio. \u00bfHabr\u00e1 que empezar el curso en Australia si Bar\u00e9in sigue sin ser segura? La realidad es que nadie sabe d\u00f3nde va a terminar el Mundial de esta temporada a estas horas pero se va estrechando el cerco.<\/p>\n<p>La F\u00f3rmula 1 va a intentar, sea como sea, salvar las dos carreras, o al menos una, que cierran el campeonato, por la importancia que estas tienen en el deporte. El canon econ\u00f3mico es extremadamente jugoso y son citas estrat\u00e9gicas. Ya lograron salvar la prueba de Bar\u00e9in que se celebrar\u00e1 en el territorio de Malasia pero sin alterar el nombre del Gran Premio. Arabia Saud\u00ed, sin embargo, no tuvo tanta suerte y pereci\u00f3.<\/p>\n<h2>Meses de seguimiento<\/h2>\n<p>Seg\u00fan ha podido saber este medio, la F\u00f3rmula 1 lleva siguiendo y monitorizando el conflicto de Oriente Medio durante varios meses. Lo ha hecho desde muy cerca. Stefano Domenicali, presidente y CEO de la competici\u00f3n, cont\u00f3 en una mesa redonda celebrada nada m\u00e1s arrancar el par\u00f3n de verano que el plazo que se daba la F\u00f3rmula 1 para tomar una decisi\u00f3n sobre las dos \u00faltimas carreras era a mitad de septiembre, o sea, dentro de dos semanas.<\/p>\n<p>La log\u00edstica es muy compleja y hay muchas partes implicadas: equipos, patrocinadores, Pirelli con sus neum\u00e1ticos\u2026 tambi\u00e9n ha habido varias alternativas que han emergido durante esta semanas para coger las \u00faltimas carreras. Han estudiado alternativas de todo tipo: ha aparecido el nombre de Portimao pero est\u00e1 con trabajos de mejora y rehabilitaci\u00f3n de las instalaciones de cara a la prueba que acoger\u00e1 el a\u00f1o que viene en su vuelta al calendario. La ilusi\u00f3n de m\u00e1s de uno ser\u00eda correr en Barcelona para terminar el Mundial. Tambi\u00e9n se ha hablado de Turqu\u00eda, que estar\u00e1 el a\u00f1o que viene tambi\u00e9n en el calendario.<\/p>\n<p>Pero la realidad es que la hip\u00f3tesis que m\u00e1s fuerza est\u00e1 cogiendo a estas horas entre los equipos de la parrilla de F\u00f3rmula 1, seg\u00fan ha podido confirmar este medio, es terminar el campeonato en Imola. Domenicali ya ha dado alguna pista p\u00fablicamente sobre las posibilidades que tiene este circuito de acoger la \u00faltima prueba. A pesar del fr\u00edo, similar o menor al de Las Vegas, la molesta niebla y las posibles lluvias y nevadas, alguno ya est\u00e1 reservando hotel en la regi\u00f3n de la Emilia Romagna.<\/p>\n<h2>Un sue\u00f1o para Antonelli<\/h2>\n<p>Imola ha desaparecido del calendario este a\u00f1o pero, caprichos del destino, est\u00e1 cerca de volver. Eso s\u00ed, en una fecha poco habitual pues acostumbraba a ser de las primeras pruebas europeas y se disputaba en mayo. Ahora ser\u00eda en la \u00faltima semana de noviembre o primera de diciembre pues la carrera en Las Vegas se celebra el 22 de noviembre.<\/p>\n<p>Ser\u00eda un final de cuento de hadas, so\u00f1ado para Kimi Antonelli y Mercedes, pues el italiano es local de esa zona de Italia. Ahora mismo el joven lidera el campeonato y es el favorito para llevarse el t\u00edtulo de F\u00f3rmula 1 en 2026. Coronarse como campe\u00f3n frente a su gente y en su casa ser\u00eda id\u00edlico para Antonelli.<\/p>\n","protected":false},"excerpt":{"rendered":"<p>El calendario de F\u00f3rmula 1 sigue siendo una inc\u00f3gnita tras la vuelta de la competici\u00f3n despu\u00e9s del paro veraniego. El &#8230; <\/p>\n<p class=\"read-more-container\"><a title=\"Imola coge fuerza para cerrar el Mundial; Catar y Abu Dhabi se diluyen\" class=\"read-more button\" href=\"https:\/\/www.autonocion.com\/motornocion\/imola-coge-fuerza-para-cerrar-el-mundial-catar-y-abu-dhabi-se-diluyen\/#more-16571\" aria-label=\"Leer m\u00e1s sobre Imola coge fuerza para cerrar el Mundial; Catar y Abu Dhabi se diluyen\">Read more<\/a><\/p>\n","protected":false},"author":5,"featured_media":16574,"comment_status":"closed","ping_status":"closed","sticky":false,"template":"","format":"standard","meta":{"_acf_changed":false,"footnotes":""},"categories":[5],"tags":[],"class_list":["post-16571","post","type-post","status-publish","format-standard","has-post-thumbnail","hentry","category-f1","resize-featured-image"],"acf":[],"_links":{"self":[{"href":"https:\/\/www.autonocion.com\/motornocion\/wp-json\/wp\/v2\/posts\/16571","targetHints":{"allow":["GET"]}}],"collection":[{"href":"https:\/\/www.autonocion.com\/motornocion\/wp-json\/wp\/v2\/posts"}],"about":[{"href":"https:\/\/www.autonocion.com\/motornocion\/wp-json\/wp\/v2\/types\/post"}],"author":[{"embeddable":true,"href":"https:\/\/www.autonocion.com\/motornocion\/wp-json\/wp\/v2\/users\/5"}],"replies":[{"embeddable":true,"href":"https:\/\/www.autonocion.com\/motornocion\/wp-json\/wp\/v2\/comments?post=16571"}],"version-history":[{"count":3,"href":"https:\/\/www.autonocion.com\/motornocion\/wp-json\/wp\/v2\/posts\/16571\/revisions"}],"predecessor-version":[{"id":16575,"href":"https:\/\/www.autonocion.com\/motornocion\/wp-json\/wp\/v2\/posts\/16571\/revisions\/16575"}],"wp:featuredmedia":[{"embeddable":true,"href":"https:\/\/www.autonocion.com\/motornocion\/wp-json\/wp\/v2\/media\/16574"}],"wp:attachment":[{"href":"https:\/\/www.autonocion.com\/motornocion\/wp-json\/wp\/v2\/media?parent=16571"}],"wp:term":[{"taxonomy":"category","embeddable":true,"href":"https:\/\/www.autonocion.com\/motornocion\/wp-json\/wp\/v2\/categories?post=16571"},{"taxonomy":"post_tag","embeddable":true,"href":"https:\/\/www.autonocion.com\/motornocion\/wp-json\/wp\/v2\/tags?post=16571"}],"curies":[{"name":"wp","href":"https:\/\/api.w.org\/{rel}","templated":true}]}}