{"id":16491,"date":"2026-08-31T19:00:08","date_gmt":"2026-08-31T17:00:08","guid":{"rendered":"https:\/\/www.autonocion.com\/motornocion\/?p=16491"},"modified":"2026-08-31T11:11:29","modified_gmt":"2026-08-31T09:11:29","slug":"lepas-6-electrico-2026","status":"publish","type":"post","link":"https:\/\/www.autonocion.com\/motornocion\/lepas-6-electrico-2026\/","title":{"rendered":"449 kil\u00f3metros de autonom\u00eda, 217 caballos, bater\u00eda LFP de 67 kWh y carga r\u00e1pida de 120 kW: el Lepas L6 el\u00e9ctrico ya tiene datos para Europa, donde llegar\u00e1 para completar la gama"},"content":{"rendered":"<p>No podemos seguir considerando a Lepas como una marca nueva en Europa, hace ya tiempo que se comercializa, tambi\u00e9n en Espa\u00f1a, con el L8, un h\u00edbrido enchufable catalogado como premium por sus prestaciones y su autonom\u00eda de m\u00e1s de 1.100 km. La novedad est\u00e1 en su nuevo SUV el\u00e9ctrico, el Lepas L6, con 449 kil\u00f3metros de autonom\u00eda, 217 CV, bater\u00eda LFP de 67 kWh y carga r\u00e1pida de hasta 120 kW.<\/p>\n<h2>El Lepas L6 y su posici\u00f3n dentro de la gama<\/h2>\n<p>El<a href=\"https:\/\/www.autonocion.com\/lepas-l6-ev-suv-electrico\/\"><strong> Lepas L6<\/strong><\/a>, como pasa, en parte, con el L4, comparte la mec\u00e1nica del <strong>SUV L8<\/strong>, con un motor TGDI 1.5 de gasolina y cuatro cilindros, combinado con un sistema h\u00edbrido de 279 CV y 365 Nm de par motor, pero ahora, lo que se ha dado a conocer es c\u00f3mo va a ser la versi\u00f3n completamente el\u00e9ctrica.<\/p>\n<p>El Lepas L6 es un SUV que pertenece al segmento C, mide 4,57 metros de largo, 1,85 de ancho, y 1,67 metros de altura. Tiene tambi\u00e9n una distancia entre ejes de 2,7 metros, con una distancia libre al suelo de 1,59 metros. De momento est\u00e1 previsto que llegue primero a Reino Unido, y como viene siendo habitual, lo hace con dos acabados, el<strong> Essence<\/strong> y <strong>Elevate<\/strong>.<\/p>\n<p>El motivo por el que llegue primera a Reino Unido tiene que ver porque no pertenece a la Uni\u00f3n Europea, por tanto, los aranceles no son tan elevados como los que tendr\u00eda que pagar en cualquier pa\u00eds miembro. Otra de las puertas de entrada a Europa es el mercado noruego, donde conforman el 16% de la cuota de mercado, por delante de Espa\u00f1a, que est\u00e1 al 14%, o Italia o Polonia, ambos con el 13%, por encima todos ellos de la media europea, que est\u00e1 en un 10%.<\/p>\n<h2>217 CV y bater\u00eda LFP de 67 kWh<\/h2>\n<p>El nuevo <strong>Lepas L6 EV<\/strong> lleva bater\u00eda de <strong>ferrofosfato<\/strong> de litio, <strong>LFP<\/strong>, de 67 kWh. Todas ellas van dirigidas a un motor de 217 CV de potencia y 275 Nm de par m\u00e1ximo. Su potencia le permite pasar de 0 a 100 km\/h en 7,9 segundos, y tiene una velocidad m\u00e1xima de 178 km\/h.<\/p>\n<p>Tiene una autonom\u00eda de 449 km homologada seg\u00fan el ciclo WLTP, as\u00ed que est\u00e1 pensada, tanto para trayectos del d\u00eda a d\u00eda, donde va sobrado y puede estar varios d\u00edas sin tener que cargarse, pero tambi\u00e9n permite afrontar viajes largos con plenas garant\u00edas.<\/p>\n<p>Y m\u00e1s teniendo en cuenta que, en cuanto a la recarga, permite potencias de hasta 120 kW, y esto permite poder pasar del 30 al 80% de la carga en unos 22 minutos. Adem\u00e1s, tiene disponible la carga bidireccional Vehicle-to-Load, V2L, de 3,3 kW, ideal para proporcionar energ\u00eda a dispositivos externos.<\/p>\n<p>El nuevo L6 EV se ha fabricado en la plataforma del grupo <a href=\"https:\/\/www.autonocion.com\/url-seo-corta-chery-invierte-kg-mobility-corea-sur\/\"><strong>Chery<\/strong> <\/a>LEX, que ha sido confeccionada espec\u00edficamente para Lepas, y puede asumir arquitecturas de 800 voltios para los coches el\u00e9ctricos, pero tambi\u00e9n tiene la capacidad de adaptarse a las variantes BEV, PHEV, HEV, y tambi\u00e9n a los veh\u00edculos con autonom\u00eda extendida. Cuenta con un tren motriz con un sistema el\u00e9ctrico 12 en 1 de \u00faltima generaci\u00f3n, que se ha dise\u00f1ado para optimizar el consumo y suavizar la entrega de potencia.<\/p>\n<p>Cuenta con un sistema de frenado Bosch IBP 2.0 con el que permite optimizar la recuperaci\u00f3n de energ\u00eda, mejorar la sensaci\u00f3n del pedal de freno, y reducir el cabeceo que suele ser algo habitual en las desaceleraciones de los coches el\u00e9ctricos. La puesta a punto se hace directamente con el equipo destinado en Europa, se encargan de adaptar la conducci\u00f3n a los gustos de nuestro continente, donde la suavidad de marcha y una entrega de potencia predecible es primordial.<\/p>\n<h2>Maletero de 410 litros y pantalla de 13,2 pulgadas<\/h2>\n<p>El maletero tiene una capacidad de 410 litros, y puede alcanzar los 1.334 cuando los asientos traseros se pliegan, adem\u00e1s de contar con doble fondo de 99 litros para guardar cosas m\u00e1s peque\u00f1as en la parte delantera. Lleva una pantalla de 13,2 pulgadas nada m\u00e1s entrar en el coche, y un cuadro de instrumento digital de 8,88 pulgadas, todo ello est\u00e1 gestionado por el procesador de infoentretenimiento Qualcomm 8155. Cuenta con carga inal\u00e1mbrica de 50 W para el m\u00f3vil, adem\u00e1s de techo panor\u00e1mico.<\/p>\n<p>Lepas sigue creciendo poco a poco en Europa, pero confirmando que los buenos datos que les hace seguir mirando para adelante y lanzar nuevos modelos. La evidencia es el nuevo L6 el\u00e9ctrico, por encima del L4, que llegar\u00e1 con una versi\u00f3n PHEV completamente el\u00e9ctrica, aunque todav\u00eda tendremos que esperar al a\u00f1o que viene para tenerlo en nuestras carreteras. Despu\u00e9s ser\u00e1 el turno para el L9, que se situar\u00e1 en la cima de la gama, aunque esa ya ser\u00e1 otra historia que te iremos contando en <a href=\"https:\/\/www.autonocion.com\/\"><strong>Autonoci\u00f3n<\/strong><\/a>.<\/p>\n","protected":false},"excerpt":{"rendered":"<p>No podemos seguir considerando a Lepas como una marca nueva en Europa, hace ya tiempo que se comercializa, tambi\u00e9n en &#8230; <\/p>\n<p class=\"read-more-container\"><a title=\"449 kil\u00f3metros de autonom\u00eda, 217 caballos, bater\u00eda LFP de 67 kWh y carga r\u00e1pida de 120 kW: el Lepas L6 el\u00e9ctrico ya tiene datos para Europa, donde llegar\u00e1 para completar la gama\" class=\"read-more button\" href=\"https:\/\/www.autonocion.com\/motornocion\/lepas-6-electrico-2026\/#more-16491\" aria-label=\"Leer m\u00e1s sobre 449 kil\u00f3metros de autonom\u00eda, 217 caballos, bater\u00eda LFP de 67 kWh y carga r\u00e1pida de 120 kW: el Lepas L6 el\u00e9ctrico ya tiene datos para Europa, donde llegar\u00e1 para completar la gama\">Read more<\/a><\/p>\n","protected":false},"author":6,"featured_media":16492,"comment_status":"closed","ping_status":"closed","sticky":false,"template":"","format":"standard","meta":{"_acf_changed":false,"footnotes":""},"categories":[55],"tags":[],"class_list":["post-16491","post","type-post","status-publish","format-standard","has-post-thumbnail","hentry","category-electricos","resize-featured-image"],"acf":[],"_links":{"self":[{"href":"https:\/\/www.autonocion.com\/motornocion\/wp-json\/wp\/v2\/posts\/16491","targetHints":{"allow":["GET"]}}],"collection":[{"href":"https:\/\/www.autonocion.com\/motornocion\/wp-json\/wp\/v2\/posts"}],"about":[{"href":"https:\/\/www.autonocion.com\/motornocion\/wp-json\/wp\/v2\/types\/post"}],"author":[{"embeddable":true,"href":"https:\/\/www.autonocion.com\/motornocion\/wp-json\/wp\/v2\/users\/6"}],"replies":[{"embeddable":true,"href":"https:\/\/www.autonocion.com\/motornocion\/wp-json\/wp\/v2\/comments?post=16491"}],"version-history":[{"count":2,"href":"https:\/\/www.autonocion.com\/motornocion\/wp-json\/wp\/v2\/posts\/16491\/revisions"}],"predecessor-version":[{"id":16494,"href":"https:\/\/www.autonocion.com\/motornocion\/wp-json\/wp\/v2\/posts\/16491\/revisions\/16494"}],"wp:featuredmedia":[{"embeddable":true,"href":"https:\/\/www.autonocion.com\/motornocion\/wp-json\/wp\/v2\/media\/16492"}],"wp:attachment":[{"href":"https:\/\/www.autonocion.com\/motornocion\/wp-json\/wp\/v2\/media?parent=16491"}],"wp:term":[{"taxonomy":"category","embeddable":true,"href":"https:\/\/www.autonocion.com\/motornocion\/wp-json\/wp\/v2\/categories?post=16491"},{"taxonomy":"post_tag","embeddable":true,"href":"https:\/\/www.autonocion.com\/motornocion\/wp-json\/wp\/v2\/tags?post=16491"}],"curies":[{"name":"wp","href":"https:\/\/api.w.org\/{rel}","templated":true}]}}